{"id":11087,"date":"2020-10-15T20:18:44","date_gmt":"2020-10-15T20:18:44","guid":{"rendered":"http:\/\/www.gnss-consulting.com\/blog\/?p=11087"},"modified":"2020-10-04T16:03:54","modified_gmt":"2020-10-04T16:03:54","slug":"rencontre-science-et-humanisme","status":"publish","type":"post","link":"https:\/\/www.gnss-consulting.com\/blog\/2020\/10\/15\/rencontre-science-et-humanisme\/","title":{"rendered":"Rencontre Science Et Humanisme"},"content":{"rendered":"<p>Auparavant, on parlait de d\u00e9fense animale, damis des animaux qui eux-m\u00eames \u00e9voquaient leur amour des animaux ; on ne parlait ni d\u00e9thique ni de justice. Conversations on Science, Culture and Time 1995. Reconnus par leurs pairs, ces savants ne se sont pas content\u00e9s de rendre leurs travaux accessibles au public. Ils en ont fait le socle dune vision de lhomme o\u00f9 les donn\u00e9es biologiques sont convoqu\u00e9es comme facteur principal du comportement humain au niveau individuel comme \u00e0 l\u00e9chelon social. <img decoding=\"async\" src=\"http:\/\/idefi-creatic.net\/wp-content\/uploads\/Reseau-humanisme-numerique-1200x300-c-default.jpg\" alt=\"rencontre science et humanisme\" align=\"right\">  Huile sur toile 117 79 cm Coll. Minneapolis Institute of Art Interm\u00e8de musicale au congr\u00e8s MlfOSUI \u00e0 la Cit\u00e9 Universitaire Internationale de Paris, du 6 au 8 avril 2019  De hauts fonctionnaires du minist\u00e8re d\u00e9noncent la politique de J-M. Blanquer et labandon de la dimension p\u00e9dagogique de lEducation Prioritaire le Caf\u00e9 14 mai Pr\u00e9sentation de M. Georges Nivat, pr\u00e9sident, Rencontres internationales de Gen\u00e8ve. F\u00e9vrier 2008. \u00c0 venir Prix Kh\u00f4ra-Institut de France de lessai litt\u00e9raire 2020 La mindfulness authentique participe dune \u00e9ducation \u00e0 la vie, \u00e0 la connaissance soi, \u00e0 la compr\u00e9hension dautrui et au d\u00e9veloppement de lempathie. Comment la pleine pr\u00e9sence pourrait \u00eatre la source dune r\u00e9-g\u00e9n\u00e9ration de l\u00e9ducation, pour une \u00e9ducation active et transformative, accessible \u00e0 tous les \u00e2ges de la vie? Dans le contexte \u00e9conomique actuel, choisir sa formation sav\u00e8re parfois compliqu\u00e9. Un march\u00e9 du travail en pleine mutation impose de s\u00e9lectionner les formations les plus adapt\u00e9es pour atteindre ses objectifs professionnels. On notera que le r\u00f4le crucial de la raison dans tout cet \u00e9difice rend particuli\u00e8rement importante lam\u00e9lioration de l\u00e9ducation \u00e0 la raison et \u00e0 lesprit critique. Le regard singulier sur notre soci\u00e9t\u00e9 confin\u00e9e du com\u00e9dien tr\u00e8s engag\u00e9 Bruno Solo. La recette cuisine  o r th ose o f humanism a nd so cial justice.. Chapitre 2 La M\u00e9diterran\u00e9e m\u00e9di\u00e9vale : espace d\u00e9changes et de conflits \u00e0 la crois\u00e9e de trois civilisations Or aujourdhui, nous ne pouvons plus nous taire. Au-del\u00e0 m\u00eame de la gestion chaotique du Covid 19 dans les \u00e9coles, au-del\u00e0, dans ce contexte complexe, des propos du ministre contradictoires, \u00e9vasifs, ou imm\u00e9diatement infirm\u00e9s par le Premier ministre, nous consid\u00e9rons que ce serait une faute \u00e9thique et politique. Quobservons-nous bien plus pr\u00e9cis\u00e9ment que les journalistes, m\u00eame les plus aguerris, n\u00e9crivent? <img decoding=\"async\" src=\"http:\/\/rampok.org\/img\/e872954269ef726a5c8d50831349750c.jpg\" alt=\"rencontre science et humanisme\" align=\"center\"> de l\u00e9couter, lui parler, r\u00e9pondre \u00e0 ses questions, ses angoisses examens pr\u00e9vus, th\u00e9rapeutiques envisag\u00e9es, transparence, rien \u00e0 cacher, quels que soient les risques dincompr\u00e9hension, de malentendus, de suites judiciaires, dues bien souvent \u00e0 une insuffisance de parole. Certaines qualit\u00e9s de cette \u00e9coute du malade doivent \u00eatre soulign\u00e9es : le malade sadresse \u00e0 un m\u00e9decin, mais aussi \u00e0 sa figure symbolique. Sa parole incluant malentendus, blancs, silences, humour, lapsus, \u00e9nonce des sympt\u00f4mes, mais elle est signe de son inconscient, doit \u00eatre accueillie avant de vouloir la comprendre et lexpliquer. Le malade attribue \u00e0 son corps une port\u00e9e symbolique et imaginaire. <img decoding=\"async\" src=\"http:\/\/www.recherchesoinspalliatifs.ca\/wp-content\/uploads\/2018\/05\/femme.jpg\" alt=\"rencontre science et humanisme\" align=\"left\"> Cette interpr\u00e9tation a \u00e9t\u00e9 tr\u00e8s mal comprise. On vous a accus\u00e9e de faire de lui une sorte de Dark Vador?<\/p>\n","protected":false},"excerpt":{"rendered":"<p>rencontre science et humanisme<\/p>\n","protected":false},"author":1,"featured_media":0,"comment_status":"closed","ping_status":"closed","sticky":false,"template":"","format":"standard","meta":{"footnotes":""},"categories":[1],"tags":[],"_links":{"self":[{"href":"https:\/\/www.gnss-consulting.com\/blog\/wp-json\/wp\/v2\/posts\/11087"}],"collection":[{"href":"https:\/\/www.gnss-consulting.com\/blog\/wp-json\/wp\/v2\/posts"}],"about":[{"href":"https:\/\/www.gnss-consulting.com\/blog\/wp-json\/wp\/v2\/types\/post"}],"author":[{"embeddable":true,"href":"https:\/\/www.gnss-consulting.com\/blog\/wp-json\/wp\/v2\/users\/1"}],"replies":[{"embeddable":true,"href":"https:\/\/www.gnss-consulting.com\/blog\/wp-json\/wp\/v2\/comments?post=11087"}],"version-history":[{"count":1,"href":"https:\/\/www.gnss-consulting.com\/blog\/wp-json\/wp\/v2\/posts\/11087\/revisions"}],"predecessor-version":[{"id":11088,"href":"https:\/\/www.gnss-consulting.com\/blog\/wp-json\/wp\/v2\/posts\/11087\/revisions\/11088"}],"wp:attachment":[{"href":"https:\/\/www.gnss-consulting.com\/blog\/wp-json\/wp\/v2\/media?parent=11087"}],"wp:term":[{"taxonomy":"category","embeddable":true,"href":"https:\/\/www.gnss-consulting.com\/blog\/wp-json\/wp\/v2\/categories?post=11087"},{"taxonomy":"post_tag","embeddable":true,"href":"https:\/\/www.gnss-consulting.com\/blog\/wp-json\/wp\/v2\/tags?post=11087"}],"curies":[{"name":"wp","href":"https:\/\/api.w.org\/{rel}","templated":true}]}}