{"id":11091,"date":"2020-10-15T14:56:38","date_gmt":"2020-10-15T14:56:38","guid":{"rendered":"http:\/\/www.gnss-consulting.com\/blog\/?p=11091"},"modified":"2020-10-04T16:07:55","modified_gmt":"2020-10-04T16:07:55","slug":"rencontre-pape-francois","status":"publish","type":"post","link":"https:\/\/www.gnss-consulting.com\/blog\/2020\/10\/15\/rencontre-pape-francois\/","title":{"rendered":"Rencontre Pape Fran\u00e7ois"},"content":{"rendered":"<p>La pri\u00e8re des chr\u00e9tiens est un espace int\u00e9rieur o\u00f9 lhomme \u00e9coute et sadresse \u00e0 Dieu. Un dialogue de confiance: on y confie ses j.. Toute vocation na\u00eet de ce regard aimant par lequel le Seigneur est venu \u00e0 notre rencontre, peut-\u00eatre alors m\u00eame que notre barque \u00e9tait en proie \u00e0 la temp\u00eate. Plus quun choix de notre part, la vocation est la r\u00e9ponse \u00e0 un appel gratuit du Seigneur ; cest pourquoi, nous r\u00e9ussirons \u00e0 la d\u00e9couvrir et \u00e0 lembrasser, quand notre c\u0153ur souvrira \u00e0 la gratitude et saura saisir le passage de Dieu dans notre vie. Au Vatican, le chef de lONU a exprim\u00e9 sa reconnaissance au Pape Fran\u00e7ois pour son ferme soutien au travail des Nations Unies. A la t\u00eate du Saint-Si\u00e8ge, qui a le statut dobservateur permanent \u00e0 lONU, \u00e0 New York en septembre 2015 o\u00f9 il a particip\u00e9 \u00e0 lAssembl\u00e9e g\u00e9n\u00e9rale des Nations Unies. Devant les Etats membres, le Pape Fran\u00e7ois avait. Cette ann\u00e9e-l\u00e0, les Etats membres s\u00e9taient mis daccord sur \u00e0 r\u00e9aliser dici 2030. Vous pouvez envoyer cet article par email \u00e0 vos amis. Roberto Ciurleo, qui est \u00e0 lorigine de cette aventure avec \u00c9l\u00e9onore de Galard, en r\u00eavait : Au-del\u00e0 de la rencontre elle-m\u00eame avec le Saint P\u00e8re, qui sera un moment exceptionnel, il sera un soutien \u00e9videmment primordial pour nous qui allons lancer une version et une tourn\u00e9e italiennes du spectacle et travaillons avec une dizaine dautres territoires, dont le Br\u00e9sil, lArgentine, le Qu\u00e9bec Les autorit\u00e9s saoudiennes ont appel\u00e9 mardi les musulmans de tous les pays \u00e0 suspendre pour \u00c0 la rencontre de lautre : montrez votre soutien envers les migrants Macron sentretient ce mardi avec le pape Fran\u00e7ois Le chef de lEtat \u00e9changera aussi avec les repr\u00e9sentants des cultes et des associations la\u00efques pour la seconde fois depuis le d\u00e9but de la crise du coronavirus. Le Pape Fran\u00e7ois \u00e0 Madagascar Rencontre du pape Fran\u00e7ois avec les pr\u00eatres et les religieux de Madagascar  a hrefhttp:pub.oumma.comdeliveryck.php?naa66645camp;cbINSERT_RANDOM_NUMBER_HERE target_blankimg srcdata:imagesvgxml,3Csvg20xmlnshttp:www.w3.org2000svg20viewBox02002002003E3Csvg3E border0 alt data-lazy-srchttps:pub.oumma.comdeliveryavw.php?zoneid5amp;cbINSERT_RANDOM_NUMBER_HEREamp;naa66645c noscriptimg srchttps:pub.oumma.comdeliveryavw.php?zoneid5amp;cbINSERT_RANDOM_NUMBER_HEREamp;naa66645c border0 alt noscripta a hrefhttp:pub.oumma.comdeliveryck.php?naa66645camp;cbINSERT_RANDOM_NUMBER_HERE target_blankimg srcdata:imagesvgxml,3Csvg20xmlnshttp:www.w3.org2000svg20viewBox02002002003E3Csvg3E border0 alt data-lazy-srchttps:pub.oumma.comdeliveryavw.php?zoneid5amp;cbINSERT_RANDOM_NUMBER_HEREamp;naa66645c noscriptimg srchttps:pub.oumma.comdeliveryavw.php?zoneid5amp;cbINSERT_RANDOM_NUMBER_HEREamp;naa66645c border0 alt noscripta Le grand imam Ahmed al-Tayeb, lors dune rencontre avec le pape Fran\u00e7ois au Vatican en 2019. AFParchive Au nom de toutes les personnes de bonne volont\u00e9, pr\u00e9sentes dans toutes les r\u00e9gions de la terre. Que Dieu arr\u00eate cette trag\u00e9die, a de son c\u00f4t\u00e9 demand\u00e9 Fran\u00e7ois, chef du 1,3 milliard de catholiques, en insistant \u00e9galement sur la pand\u00e9mie de la faim qui a d\u00e9j\u00e0 tu\u00e9 3,7 millions de personnes cette ann\u00e9e ou encore sur les pand\u00e9mies de la guerre ou des enfants sans \u00e9ducation. <img decoding=\"async\" src=\"http:\/\/rome.mae.lu\/var\/fr\/storage\/images\/media\/images\/betvat\/389572-1-ita-IT\/betvat.jpg\" alt=\"rencontre pape fran\u00e7ois\" align=\"right\"> <img decoding=\"async\" src=\"http:\/\/www.lavie.fr\/images\/2016\/05\/17\/73004_pape-femmes-diacres.jpg\" alt=\"rencontre pape fran\u00e7ois\" align=\"right\"> Le 12 septembre dernier une d\u00e9l\u00e9gation de 11 membres de la FIAPA a particip\u00e9 \u00e0 laudience g\u00e9n\u00e9rale du Saint-P\u00e8re Fran\u00e7ois, Chef dEtat et non pas seulement Chef de lEglise catholique, le pontife est suivi et \u00e9cout\u00e9 par les croyants aussi bien que par les hommes politiques. Le Comit\u00e9 a lanc\u00e9 le 15 novembre le projet dune Maison de la famille abrahamique, une structure commune regroupant une synagogue, une mosqu\u00e9e et une \u00e9glise. Les trois lieux de culte seront unis par des fondations uniques et plac\u00e9s \u00e0 lint\u00e9rieur dun jardin, \u00e9voquant le nouvel Eden. Un quatri\u00e8me b\u00e2timent abritera le si\u00e8ge du centre d\u00e9tudes et de recherches sur la fraternit\u00e9 humaine.  La princesse est devenue une tr\u00e8s fervente catholique Ecoutez 21 millions, le podcast de Capital sur les cryptomonnaies A lire aussi Mgr Dufour : Le pape Fran\u00e7ois ma d\u00e9complex\u00e9-\u00c9glise catholique dans le dioc\u00e8se dAix-en-Provence et Arles Jai 80 ans et je devrais m\u00eatre fait une carapace au fil des d\u00e9cennies \u00e0 force de voir mourir autour de moi, mais non. Et je remarque que le vide laiss\u00e9 par un animal domestique ch\u00e9ri est comparable \u00e0 la perte dun enfant. Car il sagit \u00e9galement dun \u00eatre innocent, d\u00e9pendant, que lon prot\u00e9geait.. Et que lon se fait arracher, impuissant. Aient le courage de sortir et daller visiter les malades, portant la force de Comment sy prendre pour rencontrer le Pape \u00e0 Rome? Le FMI d\u00e9caisse 111,06 millions de dollars pour le Rwanda Greta Thunberg a servi dinspiration \u00e0 des milliers de jeunes en Europe qui ont battu le pav\u00e9 ces derni\u00e8res semaines pour alerter sur lurgence de lutter contre les d\u00e9r\u00e8glements climatiques. <img decoding=\"async\" src=\"http:\/\/www.lepoint.fr\/images\/2014\/01\/24\/dv-2372618-jpg_2039965_660x281.JPG\" alt=\"rencontre pape fran\u00e7ois\" align=\"center\"> Jen profite pour lui demander sil viendra un jour dans notre pays. Jy pense Jaimerais bien mais, pour lheure, dautres ont davantage besoin de moi. Ah! Teresina! Ses yeux brillent. Th\u00e9r\u00e8se de Lisieux est une des saintes que le Pape v\u00e9n\u00e8re. Jencha\u00eene : Tr\u00e8s Saint-P\u00e8re, pourquoi y a-t-il ici ce tableau de la Vierge, Marie qui d\u00e9fait les n\u0153uds? Celui-ci est une reproduction de la peinture de Schmidtner. Loriginal se trouve dans une \u00e9glise bavaroise. Connaissez-vous son histoire? Mal. Pourriez-vous nous la raconter. Il y a plein de n\u0153uds dans la vie : au quotidien, en famille, autour de soi Limportant, cest darriver \u00e0 les d\u00e9faire, raison pour laquelle jaime cette repr\u00e9sentation de la Madone au grand ruban blanc quil faut r\u00e9ussir \u00e0 d\u00e9nouer avec gr\u00e2ce. Et lic\u00f4ne de la Vierge du silence qui se trouve entre les deux ascenseurs du palais apostolique? Je lai fait placer l\u00e0 car cest un symbole fort. Savoir se taire, \u00e9viter les bavardages ; quand on parle des autres, on est tent\u00e9 den dire du mal, ce qui signifie souvent les d\u00e9truire. Mieux vaut sabstenir de faire des commentaires sur autrui. Restez ici, je vais remonter dans mon appartement pour vous rapporter le petit livre de la Vierge du silence. Cest \u00e0 ce moment-l\u00e0 que je lui offre un ouvrage sur sainte Th\u00e9r\u00e8se de Lisieux. REVUE DE PRESSE La pand\u00e9mie de Covid-19 et la fermeture des fronti\u00e8res \u00e9branlent la Tunisie et le Maroc, tr\u00e8s d\u00e9pendants du tourisme. Ils essaient dinventer de nouveaux mod\u00e8les et esp\u00e8rent attirer une nouvelle client\u00e8le, mais l\u00e9t\u00e9 sannonce compliqu\u00e9 .<\/p>\n","protected":false},"excerpt":{"rendered":"<p>rencontre pape fran\u00e7ois<\/p>\n","protected":false},"author":1,"featured_media":0,"comment_status":"closed","ping_status":"closed","sticky":false,"template":"","format":"standard","meta":{"footnotes":""},"categories":[1],"tags":[],"_links":{"self":[{"href":"https:\/\/www.gnss-consulting.com\/blog\/wp-json\/wp\/v2\/posts\/11091"}],"collection":[{"href":"https:\/\/www.gnss-consulting.com\/blog\/wp-json\/wp\/v2\/posts"}],"about":[{"href":"https:\/\/www.gnss-consulting.com\/blog\/wp-json\/wp\/v2\/types\/post"}],"author":[{"embeddable":true,"href":"https:\/\/www.gnss-consulting.com\/blog\/wp-json\/wp\/v2\/users\/1"}],"replies":[{"embeddable":true,"href":"https:\/\/www.gnss-consulting.com\/blog\/wp-json\/wp\/v2\/comments?post=11091"}],"version-history":[{"count":1,"href":"https:\/\/www.gnss-consulting.com\/blog\/wp-json\/wp\/v2\/posts\/11091\/revisions"}],"predecessor-version":[{"id":11092,"href":"https:\/\/www.gnss-consulting.com\/blog\/wp-json\/wp\/v2\/posts\/11091\/revisions\/11092"}],"wp:attachment":[{"href":"https:\/\/www.gnss-consulting.com\/blog\/wp-json\/wp\/v2\/media?parent=11091"}],"wp:term":[{"taxonomy":"category","embeddable":true,"href":"https:\/\/www.gnss-consulting.com\/blog\/wp-json\/wp\/v2\/categories?post=11091"},{"taxonomy":"post_tag","embeddable":true,"href":"https:\/\/www.gnss-consulting.com\/blog\/wp-json\/wp\/v2\/tags?post=11091"}],"curies":[{"name":"wp","href":"https:\/\/api.w.org\/{rel}","templated":true}]}}