{"id":11646,"date":"2020-10-17T07:50:19","date_gmt":"2020-10-17T07:50:19","guid":{"rendered":"http:\/\/www.gnss-consulting.com\/blog\/?p=11646"},"modified":"2020-10-05T08:54:52","modified_gmt":"2020-10-05T08:54:52","slug":"les-rencontres-nationales-nos-quartiers-ont-des-talents","status":"publish","type":"post","link":"https:\/\/www.gnss-consulting.com\/blog\/2020\/10\/17\/les-rencontres-nationales-nos-quartiers-ont-des-talents\/","title":{"rendered":"Les Rencontres Nationales Nos Quartiers Ont Des Talents"},"content":{"rendered":"<p>23062018 : Urgent. Beau poste \u00e0 pourvoir \u00e0 France Active Garances 93 a pour objectif de susciter une prise de conscience des \u00e9tudiants sur leur La Ville dAubervilliers, en \u00e9troite collaboration avec Plaine Commune et de nombreux partenaires, mobilise ses moyens pour proposer aux demandeurs demploi mais aussi aux \u00e9tudiants et aux personnes qui souhaitent se r\u00e9orienter, des opportunit\u00e9s professionnelles.  La : met \u00e0 disposition une fiche masques \u00e0 destination des entreprises. Cest en pr\u00e9sence de J\u00e9r\u00f4me Crampe, maire de Bord\u00e8res-sur-lEchez, Bernard Poublan, pr\u00e9sident du CASDIS, Ren\u00e9 Marrot, le vice-pr\u00e9sident,le colonel Alain Boulou chef de corps d\u00e9partemental, Sibylle Samoyault, secr\u00e9taire g\u00e9n\u00e9rale de la pr\u00e9fecture, repr\u00e9sentant Brice Blondel, pr\u00e9fet des Hautes-Pyr\u00e9n\u00e9es, que sest d\u00e9roul\u00e9e \u00e0 la direction d\u00e9partementale de secours et dincendie, la c\u00e9r\u00e9monie de la journ\u00e9e nationale des sapeurs pompiers dans le respect des mesures barri\u00e8res li\u00e9es au Covid. Rencontres Nationales pour l\u00e9galit\u00e9 des chances, encore un succ\u00e8s! La Cit\u00e9 du Cin\u00e9ma Selon moi, les \u00e9meutes ont \u00e9t\u00e9 un acc\u00e9l\u00e9rateur de notre action. Nous avons cr\u00e9e NQT avant cet \u00e9v\u00e9nement car nous en avions assez de voir les cam\u00e9ras continuellement braqu\u00e9es sur des jeunes qui d\u00e9vissaient! Or, il y a aussi les jeunes dipl\u00f4m\u00e9s qui subissent la discrimination. Aujourdhui, nous avons la conviction de d\u00e9fendre une cause nationale. <img decoding=\"async\" src=\"http:\/\/www.talentsdescites.com\/img\/accueil\/partenaires-talents-des-cites-2017-2018.jpg\" alt=\"les rencontres nationales nos quartiers ont des talents\" align=\"center\"> Lalerte \u00e9mise par la pr\u00e9fecture de lAveyron est valable pour toute la journ\u00e9e de ce vendredi 12 juin. Nos Quartiers ont des Talents : les 2e Rencontres Nationales Chaque semaine, recevez le meilleur de One Heart dans votre boite email. Gazette nationale, ou le moniteur universel, Volume 19 To secure its communication, contents are certified on the blockchain using. Un dossier d\u00e9cid\u00e9 et annonc\u00e9 et quil faut rendre public. <img decoding=\"async\" src=\"http:\/\/haiti24.net\/wp-content\/uploads\/2018\/09\/1571858-president-commission-europeenne-jean-claude-1-787x524.jpg\" alt=\"les rencontres nationales nos quartiers ont des talents\" align=\"center\"> Fondateur des centres daffaires de proximit\u00e9 qui changent limage des quartiers et accompagnent les cr\u00e9ateurs. Un v\u00e9ritable outil de d\u00e9veloppement \u00e9conomique des quartiers! initiative qui vise \u00e0 favoriser des embauches locales.  Par arr\u00eat\u00e9 du portant nomination au cabinet du ministre d\u00e9l\u00e9gu\u00e9 charg\u00e9 de la ville, Matthieu Pasquio, chef de cabinet, est nomm\u00e9 conseiller sp\u00e9cial. Laurianne Deniaud, chef adjointe de cabinet, est nomm\u00e9e cheffe de cabinet. 20072016 : Soutenez le lancement de Garde denfants pour tous! 20102016 : SOUTENIR LES INITIATIVES CITOYENNES: LA DYNAMIQUE DU R\u00c9SEAU GNIAC De ce fait, la mairie de Dakar a mis en place plusieurs recommandations sanitaires comme limiter les activit\u00e9s sportives ou encore consulter un m\u00e9decin si besoin. <img decoding=\"async\" src=\"http:\/\/www.puortaldovt.cf\/cache\/avatars\/480272_1523272634_fr.png\" alt=\"les rencontres nationales nos quartiers ont des talents\" align=\"left\">  Jacques Dabbadie, La population fran\u00e7aise de Dakar. \u00c9tude g\u00e9ographique. Universit\u00e9 de Dakar, 1968, 68 p. Khonde Bonfenda, Le n\u00e9o-bourgeois de Dakar, dapr\u00e8s Semb\u00e8ne Ousmane, Universit\u00e9 de Montr\u00e9al, 1991 M.A. Vous souhaitez recruter ou avoir des informations? Le Cloud europ\u00e9en Ga\u00efa-X arrive \u00e0 vitesse grand V. Que cela va-t-il changer dans le ciel internet de lEurope?<\/p>\n","protected":false},"excerpt":{"rendered":"<p>les rencontres nationales nos quartiers ont des talents<\/p>\n","protected":false},"author":1,"featured_media":0,"comment_status":"closed","ping_status":"closed","sticky":false,"template":"","format":"standard","meta":{"footnotes":""},"categories":[1],"tags":[],"_links":{"self":[{"href":"https:\/\/www.gnss-consulting.com\/blog\/wp-json\/wp\/v2\/posts\/11646"}],"collection":[{"href":"https:\/\/www.gnss-consulting.com\/blog\/wp-json\/wp\/v2\/posts"}],"about":[{"href":"https:\/\/www.gnss-consulting.com\/blog\/wp-json\/wp\/v2\/types\/post"}],"author":[{"embeddable":true,"href":"https:\/\/www.gnss-consulting.com\/blog\/wp-json\/wp\/v2\/users\/1"}],"replies":[{"embeddable":true,"href":"https:\/\/www.gnss-consulting.com\/blog\/wp-json\/wp\/v2\/comments?post=11646"}],"version-history":[{"count":1,"href":"https:\/\/www.gnss-consulting.com\/blog\/wp-json\/wp\/v2\/posts\/11646\/revisions"}],"predecessor-version":[{"id":11647,"href":"https:\/\/www.gnss-consulting.com\/blog\/wp-json\/wp\/v2\/posts\/11646\/revisions\/11647"}],"wp:attachment":[{"href":"https:\/\/www.gnss-consulting.com\/blog\/wp-json\/wp\/v2\/media?parent=11646"}],"wp:term":[{"taxonomy":"category","embeddable":true,"href":"https:\/\/www.gnss-consulting.com\/blog\/wp-json\/wp\/v2\/categories?post=11646"},{"taxonomy":"post_tag","embeddable":true,"href":"https:\/\/www.gnss-consulting.com\/blog\/wp-json\/wp\/v2\/tags?post=11646"}],"curies":[{"name":"wp","href":"https:\/\/api.w.org\/{rel}","templated":true}]}}