{"id":11936,"date":"2020-10-17T08:40:12","date_gmt":"2020-10-17T08:40:12","guid":{"rendered":"http:\/\/www.gnss-consulting.com\/blog\/?p=11936"},"modified":"2020-10-05T17:31:51","modified_gmt":"2020-10-05T17:31:51","slug":"programme-30eme-rencontre-annuelle-des-musulmans-de-france","status":"publish","type":"post","link":"https:\/\/www.gnss-consulting.com\/blog\/2020\/10\/17\/programme-30eme-rencontre-annuelle-des-musulmans-de-france\/","title":{"rendered":"Programme 30\u00e8me Rencontre Annuelle Des Musulmans De France"},"content":{"rendered":"<p>S\u00e9cularisation et la\u00efcit\u00e9 en Asie. Questions terminologiques, journ\u00e9e d\u00e9tudes organis\u00e9e par Pascal Bourdeaux, Marie-Dominique Even, Eddy Dufourmont et Ji Zhe, 14 juin 2012, Site Pouchet. Samedi 18 10h00-12h00 B\u00e9n\u00e9diction des locaux de l\u00e9cole Notre-Dame \u00e0 Saint-Mand\u00e9 21 juin : intervention devant les magistrats bordelais \u00e0 linvitation du pr\u00e9sident du tribunal de grande instance de Bordeaux  Reportage sur les scientifiques en danger : entretien avec Laura Loh\u00e9ac, directrice ex\u00e9cutive de PAUSE 15 avril : participation au Forum Lib\u00e9ration de Rennes sur le th\u00e8me Pourquoi la France accepte-t-elle le sort fait aux prisonniers?  Plein air du film Le Petit Prince de Mark Osborne \u00e0 partir de 22H. Une aide durgence pour les scientifiques \u00e9trangers en exil <img decoding=\"async\" src=\"http:\/\/www.congres-atecitsfrance.fr\/\/wp-content\/uploads\/2015\/04\/caroussel_affiche1.jpg\" alt=\"programme 30\u00e8me rencontre annuelle des musulmans de france\" align=\"left\"> LUOIF regrette que le climat de suspicion envers la communaut\u00e9 musulmane soit \u00e0 lorigine dune pol\u00e9mique \u00e0 propos dune information disponible depuis des mois et appelle les acteurs politiques et m\u00e9diatiques \u00e0 ne pas tomber dans lamalgame naus\u00e9abond reprenant les th\u00e8ses de lextr\u00eame droite et instrumentalisant la trag\u00e9die de Toulouse. <img decoding=\"async\" src=\"http:\/\/www.lexcellence-creutzwald.fr\/wp-content\/uploads\/2017\/04\/congres-2017.jpg\" alt=\"programme 30\u00e8me rencontre annuelle des musulmans de france\" align=\"right\"> 17-18 novembre : colloque pour les dix ans du Contr\u00f4leur g\u00e9n\u00e9ral des lieux de privation de libert\u00e9 1718 novembre 2017 Belle r\u00e9ception \u00e0 lh\u00f4tel Hilton de Strasbourg \u00e0 loccasion du 30 \u00e8me anniversaire de la cr\u00e9ation de lassociation A.I.E.F mosqu\u00e9e de la gare une association pionni\u00e8re dans le travail associatif musulman. 27 f\u00e9vrier : intervention au colloque Repenser le travail en prison organis\u00e9 par lObservatoire international des prisons-section fran\u00e7aise OIP-SF, le Centre de recherches critiques sur le droit Cercrid, lInstitut Fran\u00e7ois G\u00e9ny Universit\u00e9 de Lorraine, le Centre de droit compar\u00e9 du travail et de la s\u00e9curit\u00e9 sociale Comptrasec, CNRS-Universit\u00e9 de Bordeaux et lInstitut de recherche juridique sur lentreprise et les relations professionnelles IRERP, Universit\u00e9 Paris-Nanterre 28 septembre : entretien avec des repr\u00e9sentants de la CNAPE F\u00e9d\u00e9ration des associations de protection de lenfant \u05de\u05e9\u05e4\u05d7\u05ea \u05de\u05db\u05dc\u05dc\u05ea \u05d1\u05d9\u05d8\u05d5\u05d9 \u05de\u05d7\u05e4\u05e9\u05ea \u05dc\u05e6\u05e8\u05e3 \u05d9\u05d5\u05e2\u05e6\u05ea \u05dc\u05d9\u05de\u05d5\u05d3\u05d9\u05dd \u05d5\u05d0\u05e9\u05ea \u05de\u05db\u05d9\u05e8\u05d5\u05ea \u05de\u05dc\u05d0\u05ea \u05ea\u05e9\u05d5\u05e7\u05d4, \u05e2\u05dd \u05e0\u05d7\u05d9\u05e9\u05d5\u05ea \u05d5\u05d9\u05db\u05d5\u05dc\u05ea \u05d4\u05e7\u05e9\u05d1\u05d4 \u05e8\u05d1\u05d4, \u05e1\u05d1\u05dc\u05e0\u05d5\u05ea \u05d5\u05d4\u05de\u05d5\u05df \u05d4\u05ea\u05de\u05d3\u05d4. \u05d0\u05d7\u05e8\u05d9\u05d5\u05ea \u05d0\u05d9\u05e9\u05d9\u05ea,\u05e9\u05e8\u05d5\u05ea\u05d9\u05d5\u05ea \u05d5\u05d7\u05d5\u05d6\u05e7\u05d5\u05ea \u05d1\u05d9\u05d7\u05e1\u05d9 \u05d0\u05e0\u05d5\u05e9. \u05d9\u05d3\u05e2 \u05d5\u05e0\u05e1\u05d9\u05d5\u05df \u05d1\u05de\u05db\u05d9\u05e8\u05d5\u05ea,\u05e2\u05d3\u05d9\u05e4\u05d5\u05ea \u05d1\u05de\u05db\u05d9\u05e8\u05d5\u05ea \u05e9\u05dc \u05e7\u05d5\u05e8\u05e1\u05d9\u05dd \u05d5\u05d1\u05de\u05d5\u05e1\u05d3\u05d5\u05ea \u05d7\u05d9\u05e0\u05d5\u05da. \u05de\u05e9\u05e8\u05d4 \u05e9\u05dc 4-5 \u05e9\u05e2\u05d5\u05ea \u05d1\u05d9\u05d5\u05dd \u05d1\u05e9\u05e2\u05d5\u05ea \u05de\u05d2\u05d5\u05d5\u05e0\u05d5\u05ea. \u05d9\u05d3\u05e2 \u05d5\u05d4\u05ea\u05de\u05e6\u05d0\u05d5\u05ea \u05d1\u05e1\u05d1\u05d9\u05d1\u05ea \u05de\u05d7\u05e9\u05d1 \u05d5\u05d4\u05e8\u05d1\u05d4 \u05d4\u05e8\u05d1\u05d4 \u05d0\u05de\u05d9\u05e0\u05d5\u05ea. \u05de\u05ea\u05d0\u05d9\u05dd \u05d2\u05dd \u05dc\u05e1\u05d8\u05d5\u05d3\u05e0\u05d8\u05d9\u05d5\u05ea \u05d0\u05dd \u05d0\u05ea \u05de\u05ea\u05d0\u05d9\u05de\u05d4 \u05e9\u05dc\u05d7\u05d9 \u05de\u05d9\u05d9\u05dc \u05e2\u05dd \u05e7\u05d5\u05e8\u05d5\u05ea \u05d7\u05d9\u05d9\u05dd \u05dc: evyatarbituy.org.. <img decoding=\"async\" src=\"http:\/\/4.bp.blogspot.com\/_tDQcD411-ZU\/TEcCU9_7BPI\/AAAAAAAACOI\/9gAq4y1Q5aM\/s1600\/DSC_0639.JPG\" alt=\"programme 30\u00e8me rencontre annuelle des musulmans de france\" align=\"right\"> Ces t\u00e9moignages montrent avec sensibilit\u00e9 les raisons imp\u00e9rieuses qui les ont pouss\u00e9s \u00e0 venir et celles profondes qui motive leur envie de sinscrire dans ce pays. Vous \u00eates d\u00e9j\u00e0 membre? Connectez-vous Pas encore membre? Triste r\u00e9alit\u00e9 de ennuis qui ne se partagent pas Signaler un abus. Voir aussi  cest tr\u00e8s bient\u00f4t! Nous vous attendons nombreux \u00e0 cette 35e \u00e9ditions.<\/p>\n","protected":false},"excerpt":{"rendered":"<p>programme 30\u00e8me rencontre annuelle des musulmans de france<\/p>\n","protected":false},"author":1,"featured_media":0,"comment_status":"closed","ping_status":"closed","sticky":false,"template":"","format":"standard","meta":{"footnotes":""},"categories":[1],"tags":[],"_links":{"self":[{"href":"https:\/\/www.gnss-consulting.com\/blog\/wp-json\/wp\/v2\/posts\/11936"}],"collection":[{"href":"https:\/\/www.gnss-consulting.com\/blog\/wp-json\/wp\/v2\/posts"}],"about":[{"href":"https:\/\/www.gnss-consulting.com\/blog\/wp-json\/wp\/v2\/types\/post"}],"author":[{"embeddable":true,"href":"https:\/\/www.gnss-consulting.com\/blog\/wp-json\/wp\/v2\/users\/1"}],"replies":[{"embeddable":true,"href":"https:\/\/www.gnss-consulting.com\/blog\/wp-json\/wp\/v2\/comments?post=11936"}],"version-history":[{"count":1,"href":"https:\/\/www.gnss-consulting.com\/blog\/wp-json\/wp\/v2\/posts\/11936\/revisions"}],"predecessor-version":[{"id":11937,"href":"https:\/\/www.gnss-consulting.com\/blog\/wp-json\/wp\/v2\/posts\/11936\/revisions\/11937"}],"wp:attachment":[{"href":"https:\/\/www.gnss-consulting.com\/blog\/wp-json\/wp\/v2\/media?parent=11936"}],"wp:term":[{"taxonomy":"category","embeddable":true,"href":"https:\/\/www.gnss-consulting.com\/blog\/wp-json\/wp\/v2\/categories?post=11936"},{"taxonomy":"post_tag","embeddable":true,"href":"https:\/\/www.gnss-consulting.com\/blog\/wp-json\/wp\/v2\/tags?post=11936"}],"curies":[{"name":"wp","href":"https:\/\/api.w.org\/{rel}","templated":true}]}}