{"id":11966,"date":"2020-10-17T10:46:51","date_gmt":"2020-10-17T10:46:51","guid":{"rendered":"http:\/\/www.gnss-consulting.com\/blog\/?p=11966"},"modified":"2020-10-05T18:18:05","modified_gmt":"2020-10-05T18:18:05","slug":"semaine-rencontre-interculturelle","status":"publish","type":"post","link":"https:\/\/www.gnss-consulting.com\/blog\/2020\/10\/17\/semaine-rencontre-interculturelle\/","title":{"rendered":"Semaine Rencontre Interculturelle"},"content":{"rendered":"<p>Pour la premi\u00e8re fois \u00e0 Paris, la galerie Almine Rech expose un choix de tableaux de cet artiste qui compose avec le hasard. Pour une seconde ann\u00e9e, le Comit\u00e9 interculturel charlevoisien Le Phare invite les Charlevoisiens de toutes origines \u00e0 une soir\u00e9e multiculturelle de rencontre et d\u00e9change-Apporter sa contribution \u00e0 la mise en \u0153uvre des \u00e9ducations transversales, notamment l\u00e9ducation \u00e0 la sant\u00e9, l\u00e9ducation \u00e0 la citoyennet\u00e9, l\u00e9ducation au d\u00e9veloppement durable et l\u00e9ducation artistique et culturelle Aurillac. Une semaine interculturelle \u00e0 la rencontre du monde Jusquau 17 f\u00e9vrier, de nombreuses animations sont pr\u00e9vues pour partir \u00e0 la d\u00e9couverte des cultures du monde. Pays participants : Egypte, Tunisie, Liban, Allemagne et France ABL a \u00e9galement pr\u00e9sent\u00e9 deux courts m\u00e9trages portant sur limmigration avec la collaboration de Service Canada. Publi\u00e9 le 11 juin 2020 \u00e0 06h00-Mis \u00e0 jour le 11 juin 2020 \u00e0 11h51 Critique Article r\u00e9serv\u00e9 \u00e0 nos abonn\u00e9s Un bracelet ultrasonique qui donne p\u00e9riodiquement de petites impulsions \u00e0 celui qui le porte, histoire de le rappeler \u00e0 lordre ou, en termes plus techniques, afin de surveiller une performance relative \u00e0 des t\u00e2ches assign\u00e9es. Week-end du 5 6 septembre-Rencontres vanni\u00e8res en Limousin-2\u00e8me \u00e9dition-Annul\u00e9e Fonctionnement, astuces, dates et algorithme, d\u00e9couvrez les dessous du SIGEM 2018 avec son pr\u00e9sident Jean-Christophe Hauguel. Par 10 octobre 2018 0 Commentaire Que retenir du Congr\u00e8s 2018 de la CGE des 4 et 5 octobre derniers? A loccasion dune rencontre informelle mercredi 10 octobre, sa Pr\u00e9sidente Anne Lucie Wack, Alice Guilhon Pr\u00e9sidente du Chapitre des \u00e9coles de management et Laurent Champaney Pr\u00e9sident de.. Com\u00e9dienne, chanteuse, vid\u00e9aste dans NEW-La com\u00e9die musicale improvis\u00e9e-et Les Franglaises Sur ce blogue, nous ferons conna\u00eetre des projets locaux inspirants en provenance de nos communaut\u00e9s chr\u00e9tiennes : <img decoding=\"async\" src=\"http:\/\/www.addcaes.org\/wp-content\/uploads\/2015\/10\/011215.png\" alt=\"semaine rencontre interculturelle\" align=\"center\">   Couple de com\u00e9diens, comment le confinement a chang\u00e9 nos vies dartistes et nos cr\u00e9ations Le confinement, on la v\u00e9cu comme un voyage cr\u00e9atif \u00e9tonnant, et on na pas attendu Emmanuel Macron et son discours sid\u00e9rant pour se bouger. De juin \u00e0 juillet 2019, HEC Paris organise sa Summer School. Au programme : des cours avec les meilleurs professeurs et des rencontres inoubliables! <img decoding=\"async\" src=\"http:\/\/classomption.qc.ca\/wp-content\/uploads\/2016\/01\/semaine-interculturelle.png\" alt=\"semaine rencontre interculturelle\" align=\"center\"> <img decoding=\"async\" src=\"http:\/\/liege-diversites.be\/wp-content\/uploads\/2018\/02\/mlk.png\" alt=\"semaine rencontre interculturelle\" align=\"right\">  Lassociation LA RESSOURCE recrute 3 postes en CCDI, contrat de 12 mois.<\/p>\n","protected":false},"excerpt":{"rendered":"<p>semaine rencontre interculturelle<\/p>\n","protected":false},"author":1,"featured_media":0,"comment_status":"closed","ping_status":"closed","sticky":false,"template":"","format":"standard","meta":{"footnotes":""},"categories":[1],"tags":[],"_links":{"self":[{"href":"https:\/\/www.gnss-consulting.com\/blog\/wp-json\/wp\/v2\/posts\/11966"}],"collection":[{"href":"https:\/\/www.gnss-consulting.com\/blog\/wp-json\/wp\/v2\/posts"}],"about":[{"href":"https:\/\/www.gnss-consulting.com\/blog\/wp-json\/wp\/v2\/types\/post"}],"author":[{"embeddable":true,"href":"https:\/\/www.gnss-consulting.com\/blog\/wp-json\/wp\/v2\/users\/1"}],"replies":[{"embeddable":true,"href":"https:\/\/www.gnss-consulting.com\/blog\/wp-json\/wp\/v2\/comments?post=11966"}],"version-history":[{"count":1,"href":"https:\/\/www.gnss-consulting.com\/blog\/wp-json\/wp\/v2\/posts\/11966\/revisions"}],"predecessor-version":[{"id":11967,"href":"https:\/\/www.gnss-consulting.com\/blog\/wp-json\/wp\/v2\/posts\/11966\/revisions\/11967"}],"wp:attachment":[{"href":"https:\/\/www.gnss-consulting.com\/blog\/wp-json\/wp\/v2\/media?parent=11966"}],"wp:term":[{"taxonomy":"category","embeddable":true,"href":"https:\/\/www.gnss-consulting.com\/blog\/wp-json\/wp\/v2\/categories?post=11966"},{"taxonomy":"post_tag","embeddable":true,"href":"https:\/\/www.gnss-consulting.com\/blog\/wp-json\/wp\/v2\/tags?post=11966"}],"curies":[{"name":"wp","href":"https:\/\/api.w.org\/{rel}","templated":true}]}}