{"id":12016,"date":"2020-10-17T01:34:52","date_gmt":"2020-10-17T01:34:52","guid":{"rendered":"http:\/\/www.gnss-consulting.com\/blog\/?p=12016"},"modified":"2020-10-05T19:36:03","modified_gmt":"2020-10-05T19:36:03","slug":"rencontre-des-luthiers-2012","status":"publish","type":"post","link":"https:\/\/www.gnss-consulting.com\/blog\/2020\/10\/17\/rencontre-des-luthiers-2012\/","title":{"rendered":"Rencontre Des Luthiers 2012"},"content":{"rendered":"<p>Cest lors dun voyage \u00e0 Londres que Laure, passionn\u00e9e depuis toujours par les bijoux et lorf\u00e8vrerie, rencontre tout \u00e0 fait par hasard dans un bus, une dame dont la famille serait propri\u00e9taire dun collier datant du Moyen \u00c2ge.. Cependant, la probabilit\u00e9 que \u00e7a soit une antiquit\u00e9 est infime. Cest donc avec m\u00e9fiance que le d\u00e9but de lenqu\u00eate commence.. 30En voyant les formes comme la traduction spatiale dune s\u00e9quence rythmique temporelle, Franz Boas 2003 1927 : 70 esquisse lid\u00e9e dune possible appr\u00e9hension de lobjet en termes d agentivit\u00e9 artistique : lobjet nest plus simplement consid\u00e9r\u00e9 en lui-m\u00eame mais lattention se porte sur la mani\u00e8re dont il sest constitu\u00e9 gr\u00e2ce aux gestes corporels de lartiste Gell 2009 1998 : 89. Parvenir \u00e0 penser la spatialit\u00e9 fig\u00e9e dune forme comme le produit de s\u00e9quences temporelles daction nest ni \u00e0 la port\u00e9e de tous, ni un automatisme, loin sen faut. Cest en revanche le moteur de nombreux regards experts qui envisagent lobjet comme laboutissement dune technique. Lexpert sessaie \u00e0 inf\u00e9rer \u00e0 partir dun objet les gestes ayant permis son obtention ; le profane, lui, ne sadonne pas \u00e0 ce genre dinduction ; incapable de se faire une image de lacte de cr\u00e9ation, il se trouve alors confront\u00e9 \u00e0 une agentivit\u00e9 ind\u00e9chiffrable ibid. : 88-89. Mabru a insist\u00e9 sur cette diff\u00e9rence entre le regard expert et le regard novice : Publi\u00e9 le 20 mai 2020 \u00e0 08h15-Mis \u00e0 jour le 20 mai 2020 \u00e0 13h48 St\u00e9phane Davet, Rosita Boisseau, Brigitte Salino et Sylvain Siclier R\u00e9cit Article r\u00e9serv\u00e9 \u00e0 nos abonn\u00e9s La Fondation canadienne pour le dialogue des cultures FCDC a d\u00e9voil\u00e9 mercredi la programmation de Tout pour la musique, une s\u00e9rie de concerts que diffusera la cha\u00eene TFO du 24 au 28 juin, dans le cadre la Saint-Jean-Baptiste., \u00e9crivaine fran\u00e7aise, elle a re\u00e7u le prix Femina en et a pass\u00e9 la fin de sa vie ici. Une rue de Saint-Chartier porte son nom. Lensemble de ses manuscrits est conserv\u00e9 aux Fonds Patrimoniaux de la Biblioth\u00e8que de la ville de. Fany Bourel est sensible \u00e0 la musique depuis toujours, et plus particuli\u00e8rement \u00e0 la sonorit\u00e9 des instruments du quatuor \u00e0 cordes. <img decoding=\"async\" src=\"http:\/\/www.mode-shop.fr\/images\/produits\/3\/Color-Block-10313996-2.jpg\" alt=\"rencontre des luthiers 2012\" align=\"right\"> dossier de presse-Rencontres de lutherie et musique m\u00e9di\u00e9vales  En ces temps peu normaux, il est important de continuer \u00e0 valoriser les artistes de la francophonie canadienne. La St-Jean est un moment opportun pour c\u00e9l\u00e9brer la diversit\u00e9 et la pr\u00e9sence de cette francophonie partout au Canada, estime le directeur g\u00e9n\u00e9ral de la FCDC, Guy Matte.-la cr\u00e9ation pluridisciplinaire de Didier Laloy : cet accord\u00e9oniste habitu\u00e9 des Rencontres proposera un spectacle original o\u00f9 les musiques traditionnelles senrichissent dautres pratiques culturelles comme le cirque ou les arts de la rue. TORONTO La ville de St. Catharines, en Ontario, nomme un pavillon en lhonneur du regrett\u00e9 batteur de Rush Neil Peart et envisage dautres fa\u00e7ons dhonorer son h\u00e9ritage. Cerise sur le g\u00e2teau, loccasion dinterviewer Erik! Il nous a offert cette occasion \u00e0 la fin du spectacle, donc tard dans la nuit, \u00e0 labri du bruit et du bal, dans les cuisines. Ce soir-l\u00e0, un couac a failli faire foirer le projet. Le dictaphone n\u00e9tait pas en mesure de fonctionner : probablement parce quil \u00e9tait surcharg\u00e9 avec les interviews pris cet \u00e9t\u00e9 \u00e0 Craponne. Javais essay\u00e9 dy rem\u00e9dier, en vain. Cf Foucauld P. De, Dictionnaire touareg-fran\u00e7ais, tome 3, p 994. Cette assistance collective se termine en g\u00e9n\u00e9ral par un petit repas ou un th\u00e9; elle na pas le caract\u00e8re rigoureux de pr\u00eat en retour consacr\u00e9 dans le Tell. Cela se comprend tr\u00e8s bien quand on sait combien les communaut\u00e9s paysannes forment des unit\u00e9s vou\u00e9es au m\u00eame sort et o\u00f9 la morale publique a force de loi. Vous pouvez essayer mon dernier violoncelle sur place <img decoding=\"async\" src=\"http:\/\/www.moelvemn.cf\/uploads\/Image\/96\/5470_424_Escalier.jpg\" alt=\"rencontre des luthiers 2012\" align=\"center\"> Publi\u00e9 le 01 juin 2020 \u00e0 17h53-Mis \u00e0 jour le 02 juin 2020 \u00e0 11h57 Sophie Garcia 16 photos En images Pascal Chambriard : Un carnet de danses, entre r\u00e9pertoire oral et r\u00e9pertoire \u00e9crit, 8 novembre, dans le cadre de LInvitation au mus\u00e9e. Le salon des luthiers est \u00e9galement une animation historique du Festival. Cest un lieu qui permet aux musiciens, aux passionn\u00e9s de l\u00e9b\u00e9nisterie et aux curieux de venir d\u00e9couvrir la lutherie et admirer les cr\u00e9ations de ces artisans du bois. Install\u00e9 dans la salle des congr\u00e8s du th\u00e9\u00e2tre des Jacobins, le salon tient une place centrale dans la vie du festival. Il permet \u00e0 chacun de venir d\u00e9couvrir l\u00e9volution du travail du bois depuis larbre jusqu\u00e0 linstrument.  Nous y ajouterons une petite exposition didactique sur la fabrication. <img decoding=\"async\" src=\"http:\/\/www.harpe-celtique.fr\/festival\/wp-content\/uploads\/2012\/06\/Salon-des-luthiers-%C2%A9Brigitte-Costa-Leard%C3%A9e.jpg\" alt=\"rencontre des luthiers 2012\" align=\"right\"> Les trois principales t\u00eates daffiche attendues cet \u00e9t\u00e9 \u00e0 Montr\u00e9al \u00e9taient les Foo Fighters, Lizzo et Kendrick Lamar. Je continue \u00e0 explorer le mode de vie de mes anc\u00eatres luthiers, gr\u00e2ce \u00e0 l\u00e9tude des inventaires apr\u00e8s d\u00e9c\u00e8s IAD r\u00e9alis\u00e9e par Jean-Paul Rothiot. Comme tout artisan, le luthier avait des outils. Consitutaient-ils toute sa richesse? Publi\u00e9 le 02 juin 2020 \u00e0 17h39-Mis \u00e0 jour le 02 juin 2020 \u00e0 19h01 Enqu\u00eate Article r\u00e9serv\u00e9 \u00e0 nos abonn\u00e9s Ma Gibson Les Paul Deluxe 1976, soit disant foutue, est ressortie comme neuve!  Chaque semaine, un nouveau jeu du chat et parfois de la souris.<\/p>\n","protected":false},"excerpt":{"rendered":"<p>rencontre des luthiers 2012<\/p>\n","protected":false},"author":1,"featured_media":0,"comment_status":"closed","ping_status":"closed","sticky":false,"template":"","format":"standard","meta":{"footnotes":""},"categories":[1],"tags":[],"_links":{"self":[{"href":"https:\/\/www.gnss-consulting.com\/blog\/wp-json\/wp\/v2\/posts\/12016"}],"collection":[{"href":"https:\/\/www.gnss-consulting.com\/blog\/wp-json\/wp\/v2\/posts"}],"about":[{"href":"https:\/\/www.gnss-consulting.com\/blog\/wp-json\/wp\/v2\/types\/post"}],"author":[{"embeddable":true,"href":"https:\/\/www.gnss-consulting.com\/blog\/wp-json\/wp\/v2\/users\/1"}],"replies":[{"embeddable":true,"href":"https:\/\/www.gnss-consulting.com\/blog\/wp-json\/wp\/v2\/comments?post=12016"}],"version-history":[{"count":1,"href":"https:\/\/www.gnss-consulting.com\/blog\/wp-json\/wp\/v2\/posts\/12016\/revisions"}],"predecessor-version":[{"id":12017,"href":"https:\/\/www.gnss-consulting.com\/blog\/wp-json\/wp\/v2\/posts\/12016\/revisions\/12017"}],"wp:attachment":[{"href":"https:\/\/www.gnss-consulting.com\/blog\/wp-json\/wp\/v2\/media?parent=12016"}],"wp:term":[{"taxonomy":"category","embeddable":true,"href":"https:\/\/www.gnss-consulting.com\/blog\/wp-json\/wp\/v2\/categories?post=12016"},{"taxonomy":"post_tag","embeddable":true,"href":"https:\/\/www.gnss-consulting.com\/blog\/wp-json\/wp\/v2\/tags?post=12016"}],"curies":[{"name":"wp","href":"https:\/\/api.w.org\/{rel}","templated":true}]}}