{"id":12070,"date":"2020-10-17T00:27:09","date_gmt":"2020-10-17T00:27:09","guid":{"rendered":"http:\/\/www.gnss-consulting.com\/blog\/?p=12070"},"modified":"2020-10-05T21:43:17","modified_gmt":"2020-10-05T21:43:17","slug":"semaine-de-rencontres-islamo-chretiennes","status":"publish","type":"post","link":"https:\/\/www.gnss-consulting.com\/blog\/2020\/10\/17\/semaine-de-rencontres-islamo-chretiennes\/","title":{"rendered":"Semaine De Rencontres Islamo Chr\u00e9tiennes"},"content":{"rendered":"<p>Tantad, feu rituel allum\u00e9 le samedi soir. Manoe\u0308l Pe\u0301nicaud Des caf\u00e9s-couples pour les foyers mixtes chr\u00e9tiens-musulmans \u00e0 Paris, \u00e0 Lyon, \u00e0 Marseille, la pi\u00e8ce Pierre et Mohamed, jou\u00e9e en hommage \u00e0 Mgr Pierre Claverie \u00e0 Strasbourg et la tourn\u00e9e de No\u00ebl au balcon, ramadan aux tisons dans plusieurs communes dAlsace, une visite guid\u00e9e du cimeti\u00e8re musulman de Bobigny, la visite des lieux de cultes au Mans, une marche du vivre ensemble \u00e0 Mulhouse, un colloque \u00e0 linstitut catholique de Paris sur le th\u00e8me Chr\u00e9tiens et musulmans face aux peurs v\u00e9hicul\u00e9es dans notre soci\u00e9t\u00e9, des conf\u00e9rences dans de nombreuses villes, des expositions, des concerts Dans le cadre des After Work J\u00e9ruJelAime, initiative de la Province des fr\u00e8res mineurs de France et de Belgique et de la Tribune de Terre Sainte jeunes chr\u00e9tiens engag\u00e9s en faveur de le terre sainte. Ces after works sadressent aux jeunes professionnels de 20 \u00e0 40 ans, mais tout le monde peut venir..  Retrouvez les horaires de messes pr\u00e8s de chez vous sur Faites un don et contribuez \u00e0 assurer la p\u00e9rennit\u00e9 de sa mission! Votre don est d\u00e9ductible \u00e0 75 de limp\u00f4t sur la fortune immobili\u00e8re et \u00e0 66 de limp\u00f4t sur le revenu Le Vatican a rendu public samedi 27 janvier 2018 le d\u00e9cret de b\u00e9atification de Mgr Pierre Claverie, ancien \u00e9v\u00eaque dOran, et de ses 18 compagnes et compagnons tu\u00e9s par haine de la foi en Alg\u00e9rie entre 1994 et 1996. Comment les scouts fran\u00e7ais per\u00e7oivent-ils le dialogue interculturel? Quen attendent-ils? Suite \u00e0 un jumelage entre scouts marocains et scouts de Conflans-Jarny Meurthe-et-Moselle, un camp itin\u00e9rant interreligieux est parti de Lorraine vers Bordeaux, coup\u00e9 par 5 jours \u00e0 Taiz\u00e9 et une randonn\u00e9e de 2 jours dans lAllier avant la participation au grand rassemblement de 10 000 scouts venus du monde entier, de diff\u00e9rentes confessions. On y a psalmodi\u00e9 la fatiha la sourate qui ouvre le Coran. Contribuer \u00e0 ce que chr\u00e9tiens et musulmans se d\u00e9couvrent dans le respect de leur identit\u00e9 culturelle et religieuse et apprennent \u00e0 d\u00e9passer les clich\u00e9s et les pr\u00e9jug\u00e9s qui les habitent. Librairie Al Qalam, 58 rue Bala\u00ff, 42000 St-Etienne  <img decoding=\"async\" src=\"http:\/\/img.over-blog-kiwi.com\/2\/61\/33\/86\/20171226\/ob_876add_logo-gaic-seric.jpg\" alt=\"semaine de rencontres islamo chr\u00e9tiennes\" align=\"left\"> Organisateur : GIRVAL 59 groupe interreligieux de Valenciennes et ses environs : <img decoding=\"async\" src=\"http:\/\/www.sandwellmusic.org\/wp-content\/uploads\/2017\/12\/19420771_1358055404289861_5370517221246985511_n.jpg\" alt=\"semaine de rencontres islamo chr\u00e9tiennes\" align=\"right\">  Mercredi 14 novembre \u00e0 20h Salle Kl\u00e9ber 119 rte du G\u00e9n\u00e9ral de Gaulle Schiltigheim Tableau bien incomplet, tant les \u00e9nergies restent mobilis\u00e9es, malgr\u00e9 les caricatures de part et dautre. Non, les musulmans ne sont pas n\u00e9cessairement des terroristes en puissance, pr\u00eats \u00e0 sortir le couteau sous la banni\u00e8re dun faux proph\u00e8te. Non, les chr\u00e9tiens ne sont pas n\u00e9cessairement islamophobes et la Sainte-Trinit\u00e9 nest pas du polyth\u00e9isme. Chacun dentre nous se doit de combattre ces id\u00e9es trop bien re\u00e7ues qui ont cours non seulement au caf\u00e9 du commerce, mais surtout sont utilis\u00e9es par des politiciens qui surfent sur une vague x\u00e9nophobe et raciste. <img decoding=\"async\" src=\"http:\/\/www.seven.lauraandakshay.net\/wp-content\/uploads\/2014\/12\/photo-cite-des-metiers-2014.jpg\" alt=\"semaine de rencontres islamo chr\u00e9tiennes\" align=\"right\"> Il ny a pas de doute que cette Semaine de la Paix \u00e0 Mindanao a \u00e9t\u00e9 un des projets majeurs de la CEU et que, m\u00eame sil est vrai quelle nest pas suivie partout, loin de l\u00e0, elle a fait se mettre en branle des milliers de chr\u00e9tiens et de musulmans qui au-del\u00e0 des seuls discours ont appris \u00e0 travailler ensemble, \u00e0 se mouiller et, ce faisant, \u00e0 mieux se conna\u00eetre et sappr\u00e9cier. Le maire de Lod Ya\u00efr Revivo a annonc\u00e9 \u00e0 ses administr\u00e9s juifs quil allait introduire une m\u00e9thode pour tenter de convaincre les autorit\u00e9s religieuses musulmanes de r\u00e9duire lintensit\u00e9 des appels \u00e0 la.. Quelle est votre position au sein de la communaut\u00e9 musulmane? Et nous, on sengage \u00e0 r\u00e9duire les formats publicitaires ressentis comme intrusifs. 27 novembre, salle polyvalente, place Violet, 02200 Belleu Les musulmans de La Seyne ont en effet accueilli leurs voisins catholiques et protestants dans leur future grande mosqu\u00e9e, au c\u0153ur du quartier Berthe.<\/p>\n","protected":false},"excerpt":{"rendered":"<p>semaine de rencontres islamo chr\u00e9tiennes<\/p>\n","protected":false},"author":1,"featured_media":0,"comment_status":"closed","ping_status":"closed","sticky":false,"template":"","format":"standard","meta":{"footnotes":""},"categories":[1],"tags":[],"_links":{"self":[{"href":"https:\/\/www.gnss-consulting.com\/blog\/wp-json\/wp\/v2\/posts\/12070"}],"collection":[{"href":"https:\/\/www.gnss-consulting.com\/blog\/wp-json\/wp\/v2\/posts"}],"about":[{"href":"https:\/\/www.gnss-consulting.com\/blog\/wp-json\/wp\/v2\/types\/post"}],"author":[{"embeddable":true,"href":"https:\/\/www.gnss-consulting.com\/blog\/wp-json\/wp\/v2\/users\/1"}],"replies":[{"embeddable":true,"href":"https:\/\/www.gnss-consulting.com\/blog\/wp-json\/wp\/v2\/comments?post=12070"}],"version-history":[{"count":1,"href":"https:\/\/www.gnss-consulting.com\/blog\/wp-json\/wp\/v2\/posts\/12070\/revisions"}],"predecessor-version":[{"id":12071,"href":"https:\/\/www.gnss-consulting.com\/blog\/wp-json\/wp\/v2\/posts\/12070\/revisions\/12071"}],"wp:attachment":[{"href":"https:\/\/www.gnss-consulting.com\/blog\/wp-json\/wp\/v2\/media?parent=12070"}],"wp:term":[{"taxonomy":"category","embeddable":true,"href":"https:\/\/www.gnss-consulting.com\/blog\/wp-json\/wp\/v2\/categories?post=12070"},{"taxonomy":"post_tag","embeddable":true,"href":"https:\/\/www.gnss-consulting.com\/blog\/wp-json\/wp\/v2\/tags?post=12070"}],"curies":[{"name":"wp","href":"https:\/\/api.w.org\/{rel}","templated":true}]}}