{"id":5380,"date":"2020-10-01T11:29:57","date_gmt":"2020-10-01T11:29:57","guid":{"rendered":"http:\/\/www.gnss-consulting.com\/blog\/?p=5380"},"modified":"2020-09-25T06:00:15","modified_gmt":"2020-09-25T06:00:15","slug":"rencontres-et-debats-avignon","status":"publish","type":"post","link":"https:\/\/www.gnss-consulting.com\/blog\/2020\/10\/01\/rencontres-et-debats-avignon\/","title":{"rendered":"Rencontres Et Debats Avignon"},"content":{"rendered":"<p>Invitation au d\u00e9bat Enjeux de la construction dune politique culturelle europ\u00e9enne.. CIP-IDF Son : Rencontre-d\u00e9bat en Avignon organis\u00e9e par la CIP avec la participation de plusieurs organisations du Comit\u00e9 de Suivi <img decoding=\"async\" src=\"http:\/\/www.lesbonsplansdavignon.com\/wp-content\/uploads\/2014\/06\/Capture-d%E2%80%99%C3%A9cran-2014-06-29-%C3%A0-15.32.10-550x550.png\" alt=\"rencontres et debats avignon\" align=\"left\"> 11.06 Rencontre-d\u00e9bat avec \u00e9lu, ABF, instructeurs et CAUE \u00e0 Avignon Ordre des architectes Sociologue \u00e0 lENS, Eric Fassin se revendique F\u00e9ministe et cette revendication est au coeur de sa conception du r\u00f4le de lintellectuel et de la place du savoir dans lespace public. Am\u00e9ricaniste, il r\u00e9alise des \u00e9tudes comparatives entre les d\u00e9bats am\u00e9ricains et les d\u00e9bats Fran\u00e7ais. Ce mouvement daller-retour a permis \u00e0 la France de d\u00e9couvrir Judith Butler dont il a pr\u00e9fac\u00e9 la traduction Fran\u00e7aise de Trouble dans le genre.  Lart est dangereux, et cest tant mieux. Pascal Ory et Maryvonne de Saint Pulgent ne sont pas les seuls ici \u00e0 le penser. Walter Benjamin, cit\u00e9 dans la liste des \u0153uvres br\u00fbl\u00e9es dans lautodaf\u00e9 orchestr\u00e9 effectivement par les \u00e9tudiants et quelques universitaires, et dont on voit des images dans le spectacle Les Damn\u00e9s pr\u00e9sent\u00e9 dans la cour dhonneur jusqu\u00e0 hier, \u00e9crivait : Il nest pas d\u0153uvre dart qui ne soit aussi un monument de barbarie. Cela veut dire que nous essayons de penser dans ce cercle de tension. Veuillez activer Javascript dans les pr\u00e9f\u00e9rences de votre navigateur La rencontre d\u00e9bat : au pays des droits de..qui?  Jean-Baptiste Boulanger ABF et chef de service de lUDAP de Vaucluse La collecte de votre adresse email est n\u00e9cessaire pour vous adresser notre Lettre dinformation. Vous pouvez vous d\u00e9sabonner \u00e0 tout moment en cliquant sur le lien pr\u00e9sent dans lemail denvoi de la newsletter ou en vous rendant sur votre compte. Pour tout savoir sur la mani\u00e8re dont lInstitut fran\u00e7ais g\u00e8re les donn\u00e9es personnelles, vous pouvez vous reporter \u00e0 notre Charte de confidentialit\u00e9. De la parole brute \u00e0 celle infus\u00e9e, de la contribution \u00e0 la participation, questionnons la place du r\u00e9cit et du t\u00e9moignage des publics dans ces d\u00e9marches. 14h30-17h30 : D\u00e9mocratie culturelle et enjeux du Patrimoine Autre \u00e9v\u00e8nement marquant de ce mois culturel, Binomes 7, rencontres in\u00e9dites entre un chercheur et un artiste qui donnent lieu, chaque jour, \u00e0 une repr\u00e9sentation dans la cour min\u00e9rale de lUniversit\u00e9. Entretien radiophonique r\u00e9alisation : Emmanuel Moreira <img decoding=\"async\" src=\"http:\/\/aacc.ovh\/images\/photos_aacc\/photos_diverses\/Avignon.jpg\" alt=\"rencontres et debats avignon\" align=\"left\"> Designthinking, innovation par les usages : de nouvelles pistes pour penser la m\u00e9diation num\u00e9rique Rendez-vous jeudi 16 juillet aux 3 soleils-4 rue Buffon-84 000 AVIGNON ERNEST PIGNON-ERNEST AU PALAIS DES PAPES Et si ceci expliquait pourquoi Avignon et sa r\u00e9gion rassemblent autant de street artiste de talent? \u00c9manerait-il de cette ville une histoire, une architecture qui pousse le street artiste \u00e0 vivre Pour associer votre compte PassMedia avec votre compte JDD en toute s\u00e9curit\u00e9, validez votre email : Je voudrais rappeler que cette id\u00e9e de lart qui prot\u00e8ge de la barbarie, de lart dernier rempart contre la barbarie a \u00e9t\u00e9 tr\u00e8s active au moment de la premi\u00e8re mont\u00e9e du Front national. Philippe Douste-Blazy et Catherine Trautmann tous les deux, ce qui prouve que ce sujet nappartient pas \u00e0 un seul secteur de la vie politique en avaient pratiquement fait le but de la politique du minist\u00e8re. Cest une illusion totale. Je rappelle que le h\u00e9ros barbare dOrange m\u00e9canique est un grand admirateur de la 9e symphonie de Beethoven et de lhymne \u00e0 la joie, qui est aussi le symbole de lEurope, de lunion de tous les peuples, etc. La contradiction est soulign\u00e9e par un artiste. Il ny a pas de lien m\u00e9canique. Pardon pour la personne qui sest exprim\u00e9e sur l\u00e9ducation je suis une grande militante de l\u00e9ducation, de l\u00e9ducation par lart, mais je dirais aussi que les gens les plus \u00e9duqu\u00e9s ne sont absolument pas \u00e0 labri de la barbarie. Cela a dailleurs \u00e9t\u00e9 dit : des gens non \u00e9duqu\u00e9s ne sont pas des barbares et des gens tr\u00e8s \u00e9duqu\u00e9s sont des barbares. Le mot barbare nest pas du tout, dans cette acception, l\u00e9quivalent de la non \u00e9ducation.  Anim\u00e9e par Emilie Le Tho\u00ebr et Fanny Schweich, P\u00f4le juridique du CnT. <img decoding=\"async\" src=\"http:\/\/www.duosoma.com\/wp-content\/uploads\/article_avignon_200copie.jpg\" alt=\"rencontres et debats avignon\" align=\"left\"> Choisissez votre formule dabonnement pour acc\u00e9der en illimit\u00e9 \u00e0 tout Mediapart.<\/p>\n","protected":false},"excerpt":{"rendered":"<p>rencontres et debats avignon<\/p>\n","protected":false},"author":1,"featured_media":0,"comment_status":"closed","ping_status":"closed","sticky":false,"template":"","format":"standard","meta":{"footnotes":""},"categories":[1],"tags":[],"_links":{"self":[{"href":"https:\/\/www.gnss-consulting.com\/blog\/wp-json\/wp\/v2\/posts\/5380"}],"collection":[{"href":"https:\/\/www.gnss-consulting.com\/blog\/wp-json\/wp\/v2\/posts"}],"about":[{"href":"https:\/\/www.gnss-consulting.com\/blog\/wp-json\/wp\/v2\/types\/post"}],"author":[{"embeddable":true,"href":"https:\/\/www.gnss-consulting.com\/blog\/wp-json\/wp\/v2\/users\/1"}],"replies":[{"embeddable":true,"href":"https:\/\/www.gnss-consulting.com\/blog\/wp-json\/wp\/v2\/comments?post=5380"}],"version-history":[{"count":1,"href":"https:\/\/www.gnss-consulting.com\/blog\/wp-json\/wp\/v2\/posts\/5380\/revisions"}],"predecessor-version":[{"id":5381,"href":"https:\/\/www.gnss-consulting.com\/blog\/wp-json\/wp\/v2\/posts\/5380\/revisions\/5381"}],"wp:attachment":[{"href":"https:\/\/www.gnss-consulting.com\/blog\/wp-json\/wp\/v2\/media?parent=5380"}],"wp:term":[{"taxonomy":"category","embeddable":true,"href":"https:\/\/www.gnss-consulting.com\/blog\/wp-json\/wp\/v2\/categories?post=5380"},{"taxonomy":"post_tag","embeddable":true,"href":"https:\/\/www.gnss-consulting.com\/blog\/wp-json\/wp\/v2\/tags?post=5380"}],"curies":[{"name":"wp","href":"https:\/\/api.w.org\/{rel}","templated":true}]}}