{"id":5514,"date":"2020-10-01T23:07:21","date_gmt":"2020-10-01T23:07:21","guid":{"rendered":"http:\/\/www.gnss-consulting.com\/blog\/?p=5514"},"modified":"2020-09-25T11:37:38","modified_gmt":"2020-09-25T11:37:38","slug":"rencontre-regional","status":"publish","type":"post","link":"https:\/\/www.gnss-consulting.com\/blog\/2020\/10\/01\/rencontre-regional\/","title":{"rendered":"Rencontre Regional"},"content":{"rendered":"<p>Rencontre r\u00e9gional du Secr\u00e9tariat r\u00e9gional dEurope du Sud et M\u00e9diterran\u00e9e \u00e0 Cidade Velha Cap-Vert Nouveaut\u00e9, le matin, un atelier a r\u00e9uni 25 professionnels sur le th\u00e8me : Comment fid\u00e9liser et motiver mes collaborateurs. Premi\u00e8re \u00e9galement, lapr\u00e8s-midi, la pr\u00e9sence du Pr\u00e9sident de la R\u00e9gion, Fran\u00e7ois BONNEAU, venu sp\u00e9cialement remercier les restaurateurs pour leur contribution \u00e0 la r\u00e9ussite de lann\u00e9e des 500 ans de RenaissanceS et les encourager \u00e0 poursuivre leur mobilisation en 2020. Sur proposition du minist\u00e8re des Affaires Etrang\u00e8res, le Centre-Val de Loire est en effet la r\u00e9gion choisie pour \u00eatre mise \u00e0 lhonneur, en avril prochain, lors de l\u00e9v\u00e9nement Go\u00fbt de France Good France valorisant la gastronomie fran\u00e7aise et les talents de nos Chefs, sur la sc\u00e8ne nationale et internationale. Envoyez-nous votre message, nous vous recontacterons dans les meilleurs d\u00e9lais. Envoyer LACC participera \u00e0 cette journ\u00e9e dinformations et d.. Michel LEROY, Directeur de la Chambre R\u00e9gionale dAgriculture Hauts-de-France Ce site est cofinanc\u00e9 par lUnion Europ\u00e9enne avec le FEDER, le FSE et le FEADER. Covid19-Toutes les informations et les modalit\u00e9s de fonctionnements des mobilit\u00e9s prises pour pallier la crise sont disponibles sur le Ma vie est saine, \u00e9quilibr\u00e9e, et je souhaite simplement vous rencontrer \u00e2ge en rapport pour une relation durable, sereine, apaisante, et harmonieuse, pour peu que je rencontre le terrain id\u00e9al pour mexprimer&#8230;La connaissance de l\u00eatre, lesprit et le coeur d\u00e9passent ais\u00e9ment les aspects du physique. Vous lire.  Matin\u00e9e : associant lensemble des acteurs, organisations ressources et porteurs de projets potentiels dans les domaines de l\u00e9nergie et de lenvironnement, et visant \u00e0 d\u00e9battre des enjeux et perspectives dactions envisageables Les Grands Sites de France labellis\u00e9s ou en projet ont en commun d\u00eatre des sites class\u00e9s au titre de la loi du 2 mai 1930 sur la protection des monuments naturels et des sites de caract\u00e8re artistique, historique, scientifique, l\u00e9gendaire ou pittoresque, pour une partie significative de leur territoire. Objectif collectif et valeurs communes Pr\u00e9sentation des r\u00e9sultats de l\u00e9tude sur lengagement de Service Civique \u00e0 linternational et en r\u00e9ciprocit\u00e9 en Bourgogne-Franche-Comt\u00e9 et courts t\u00e9moignages de volontaires et de structures engag\u00e9es  En tant que pilote au niveau national, la r\u00e9gion Normandie est engag\u00e9e dans la mise en place dun dispositif dIntelligence Economique Territoriale pour accompagner et p\u00e9renniser le d\u00e9veloppement de l\u00e9conomie, de lenseignement sup\u00e9rieur et de la recherche sur le territoire. Cest dans ce cadre que sest tenue la rencontre R\u00e9gionale dIntelligence Economique. L\u00e9v\u00e8nement, co-pr\u00e9sid\u00e9 par Fabienne BUCCIO, Pr\u00e9f\u00e8te de la r\u00e9gion Normandie et de la Seine-Maritime et Sophie GAUGUIN, 1re vice-pr\u00e9sidente de la R\u00e9gion Normandie en charge du d\u00e9veloppement \u00e9conomique et du soutien aux entreprises, r\u00e9unissait plus de 150 d\u00e9cideurs. Lobjectif de cet \u00e9v\u00e8nement \u00e9tait de pr\u00e9senter les pratiques essentielles au d\u00e9veloppement, \u00e0 la consolidation et \u00e0 la protection de lactivit\u00e9 de leurs organisations. Prot\u00e9ger son entreprise des risques multiples Si vous poursuivez votre navigation, nous consid\u00e9rerons que vous acceptez les CGU. \u00c9v\u00e8nement sur invitation r\u00e9serv\u00e9 aux entrepreneurs et partenaires des CAE de la r\u00e9gion. Email : contactpaysdelaloire-cooperation-internationale.org <img decoding=\"async\" src=\"http:\/\/www.sante.gouv.sn\/sites\/default\/files\/A76I3722.jpeg\" alt=\"rencontre regional\" align=\"right\"> Le GREF Bretagne GIP Relation Emploi-Formation, est un acteur r\u00e9gional au service de l\u00c9tat, de la R\u00e9gion et de lensemble des professionnels intervenant sur les champs de lemploi, de lorientation et de la formation professionnelle. <img decoding=\"async\" src=\"http:\/\/www.patrimoine-vivant.com\/uploads\/205_EPV_5Rencontre_parlementaire-_page1-001.jpg\" alt=\"rencontre regional\" align=\"right\"> Ces 5 manifestations incontournables vous donnent acc\u00e8s aux financements, aux partenaires europ\u00e9ens, aux laboratoires r\u00e9gionaux, aux innovations r\u00e9gionales encore peu connues Financements et partenariats strat\u00e9giques sont 2 leviers majeurs pour vos projets innovants : Passez en mode open innovation, inscrivez-vous! Le champion sortant, notre Romain national, nayant pu d\u00e9fendre son titre pour cause d\u00e9paule extr\u00eamement douloureuse, les paris \u00e9taient ouverts quant \u00e0 sa succession. <img decoding=\"async\" src=\"http:\/\/myfirstpocketpal.com\/wp-content\/uploads\/2017\/08\/link-school.png\" alt=\"rencontre regional\" align=\"center\"> Are you a creator? Sell your work, your way with, our open self-distribution platform. Aix-en-Provence, Aubagne La Ciotat, Marseille, Martigues, Arles, Cavaillon, Avignon, Orange-Valr\u00e9as, Carpentras, Manosque, Brignoles, Toulon-Hy\u00e8res, Draguignan, Fr\u00e9jus Saint-Rapha\u00ebl, Cannes-Grasse, Antibes, Menton, Nice, Digne-les-Bains, Sisteron, Embrun, Gap, Brian\u00e7on, Apt, Salon-de-Provence Apr\u00e8s-midi : mise en \u0153uvre concr\u00e8te du SRCE \u00e0 l\u00e9chelle des communes  Rencontre r\u00e9gionale APECITA Hauts-de-France-Cit\u00e9 de lagriculture Potentiel social et engagement favorables \u00e0 la sant\u00e9 INVITATION : Rencontre r\u00e9gionale sur le service civique \u00e0 linternational et en r\u00e9ciprocit\u00e9.<\/p>\n","protected":false},"excerpt":{"rendered":"<p>rencontre regional<\/p>\n","protected":false},"author":1,"featured_media":0,"comment_status":"closed","ping_status":"closed","sticky":false,"template":"","format":"standard","meta":{"footnotes":""},"categories":[1],"tags":[],"_links":{"self":[{"href":"https:\/\/www.gnss-consulting.com\/blog\/wp-json\/wp\/v2\/posts\/5514"}],"collection":[{"href":"https:\/\/www.gnss-consulting.com\/blog\/wp-json\/wp\/v2\/posts"}],"about":[{"href":"https:\/\/www.gnss-consulting.com\/blog\/wp-json\/wp\/v2\/types\/post"}],"author":[{"embeddable":true,"href":"https:\/\/www.gnss-consulting.com\/blog\/wp-json\/wp\/v2\/users\/1"}],"replies":[{"embeddable":true,"href":"https:\/\/www.gnss-consulting.com\/blog\/wp-json\/wp\/v2\/comments?post=5514"}],"version-history":[{"count":1,"href":"https:\/\/www.gnss-consulting.com\/blog\/wp-json\/wp\/v2\/posts\/5514\/revisions"}],"predecessor-version":[{"id":5515,"href":"https:\/\/www.gnss-consulting.com\/blog\/wp-json\/wp\/v2\/posts\/5514\/revisions\/5515"}],"wp:attachment":[{"href":"https:\/\/www.gnss-consulting.com\/blog\/wp-json\/wp\/v2\/media?parent=5514"}],"wp:term":[{"taxonomy":"category","embeddable":true,"href":"https:\/\/www.gnss-consulting.com\/blog\/wp-json\/wp\/v2\/categories?post=5514"},{"taxonomy":"post_tag","embeddable":true,"href":"https:\/\/www.gnss-consulting.com\/blog\/wp-json\/wp\/v2\/tags?post=5514"}],"curies":[{"name":"wp","href":"https:\/\/api.w.org\/{rel}","templated":true}]}}