{"id":5932,"date":"2020-10-02T18:56:16","date_gmt":"2020-10-02T18:56:16","guid":{"rendered":"http:\/\/www.gnss-consulting.com\/blog\/?p=5932"},"modified":"2020-09-26T03:48:12","modified_gmt":"2020-09-26T03:48:12","slug":"rencontres-lyriques-de-luchon-2","status":"publish","type":"post","link":"https:\/\/www.gnss-consulting.com\/blog\/2020\/10\/02\/rencontres-lyriques-de-luchon-2\/","title":{"rendered":"Rencontres Lyriques De Luchon"},"content":{"rendered":"<p>Pour l\u00e9dition 2018, le th\u00e8me choisi \u00e9tait celui de La grande guerre 14-18 ; un spectacle lyrique, autour de loratorio 1918, lhomme qui titubait dans la guerre a \u00e9t\u00e9 compos\u00e9 par Isabelle Aboulker, marraine de l\u00e9dition 2018. Elle affectionne auss i le r\u00e9cital ou la musique de chambre en collaboration notamment avec et les, ceci lam\u00e8ne \u00e0 se produire au Mus\u00e9e des instruments de Bruxelles, \u00e0 lUNESCO, la Sainte Chapelle, au Nouveau Si\u00e8cle \u00e0 Lille, la salle Moli\u00e8re de Lyon, ou celle de lop\u00e9ra de Montpellier, la salle Poiret \u00e0 Nancy..le Festival international Les Alis\u00e9es \u00e0 Essaouira. <img decoding=\"async\" src=\"http:\/\/culture.ulg.ac.be\/upload\/docs\/image\/jpeg\/2015-06\/boheme.jpg\" alt=\"rencontres lyriques de luchon\" align=\"center\"> Dimanche 21 Novembre 2010 \u00e0 17h-\u00c9glise Ste Ursule \u00c0 17 h 30, salle Henry Pac, une conf\u00e9rence Au clair de la lune sera propos\u00e9e par Pascale Bastistelli. Le salon de th\u00e9 \u00e9ph\u00e9m\u00e8re sinstallera le 6 ao\u00fbt \u00e0 16 heures, sous le kiosque des Thermes, avec des confidences contemporaines anim\u00e9es par Patrick Burgan r\u00e9servation souhait\u00e9e. Entre toutes les animations que nous allons proposer, ce sont quelque 120 personnes qui vont participer \u00e0 cette dixi\u00e8me \u00e9dition des nouvelles rencontres lyriques, conclut Sylvia Cazeneuve. Notre Festival est vraiment devenu quelque chose dimportant et pour cette dixi\u00e8me ann\u00e9e, nous proposerons une soir\u00e9e sur les dix lunes, jeudi 8 ao\u00fbt, \u00e0 19 h 30, en plein air, dans le parc du casino. Autres services Organisations associatives Activit\u00e9s des autres organisations associatives Activit\u00e9s des organisations associatives n.c.a. Autres organisations fonctionnant par adh\u00e9sion volontaire L\u00e9v\u00e9nement est publi\u00e9 et est accessible sur lagenda. Officier dans lOrdre du M\u00e9rite National et Europ\u00e9en   Accueil Fiche Page pr\u00e9c\u00e9dente. Les nouveaux Ma\u00eetres fous. La galerie Jean-Paul Barr\u00e8s persiste et signe dans. Exceptionnel, la collection de tableaux des Motais de. Rencontres lyriques de luchon association Lyrique les jeunes promotion Bagn\u00e8res-de-Luchon Elle int\u00e8gre en 2006 lEnsemble Carpe Diem, dont elle sera lune des solistes jusquen 2011. Dans le m\u00eame temps, elle continue \u00e0 se passionner pour les grandes traditions de lop\u00e9ra italien et se rend r\u00e9guli\u00e8rement aupr\u00e8s de Leyla Gencer \u00e0 la Scala de Milan et aupr\u00e8s de Renata Scotto \u00e0 Rome pour recueillir leurs pr\u00e9cieux conseils. Autres services Organisations associatives Activit\u00e9s des autres organisations associatives Activit\u00e9s des organisations associatives n.c.a. Autres organisations fonctionnant par adh\u00e9sion volontaire dans le cadre de la programmation jeune public de lOp\u00e9ra de Marseille: <img decoding=\"async\" src=\"http:\/\/www.samplitiude.tk\/pdf\/reel_directrice.jpg\" alt=\"rencontres lyriques de luchon\" align=\"right\"> Vous souhaitez proposer un article sur ce festival? <img decoding=\"async\" src=\"http:\/\/www.ecolenormalecortot.com\/wp-content\/uploads\/MC_Le-Texier-WEB-Paysage.jpg\" alt=\"rencontres lyriques de luchon\" align=\"left\">  If you are at an office or shared network, you can ask the network administrator to run a scan across the network looking for misconfigured or infected devices. Les personnels de sant\u00e9, du m\u00e9dicosocial, du social, des Ehpad et de l\u00e9ducation nationale seront mobilis\u00e9s pour exiger des moyens cons\u00e9quents pour de bonnes conditions de travail assurant ainsi un Organisme de Gestion de lEtablissement Catholiqueo.g.e.c Sainte-marie Interpr\u00e8te recherch\u00e9 de la m\u00e9lodie fran\u00e7aise, il a port\u00e9 lart de linterpr\u00e9tation au niveau le plus \u00e9lev\u00e9 gr\u00e2ce \u00e0 ses moyens vocaux exceptionnels..avec le nettoyage de l\u00e9glise Ste-Ursule, la livraisons des chaises, des bancs, des 2 pianos, \u00e9glise et th\u00e9\u00e2tre, de tous les projecteurs et mat\u00e9riel sono et \u00e9clairage.les dos sont un peu cass\u00e9s! les bras un peulourds.ils ont port\u00e9, lessiv\u00e9, balay\u00e9, aspir\u00e9, coll\u00e9 les \u00e9tiquettes.pour vous accueillir dans les meilleures conditions! Merci \u00e0 tous les b\u00e9n\u00e9voles qui se sont motiv\u00e9s ce matin pour venir nous aider! Stage de chant lyrique \u00e0 Luchon 31 PARLONS EN! 1918, lhomme qui titubait dans la guerre-Isabelle Aboulker Votre adresse email Sujet Votre message Horaires.. : analysecr\u00e9ation 2 Lyrique latine et vernaculaire, monodique et polyphonique Interpr\u00e9tation du plain-chant m\u00e9di\u00e9val et des prem polypho. Analyse musicale.. 1806-1862, naturaliste, entomologiste, g\u00e9ologue et professeur \u00e0 lUniversit\u00e9 de Paris,mort \u00e0 Luchon. Les principales manifestations culturelles \u00e0 Bagn\u00e8res de Luchon:.<\/p>\n","protected":false},"excerpt":{"rendered":"<p>rencontres lyriques de luchon<\/p>\n","protected":false},"author":1,"featured_media":0,"comment_status":"closed","ping_status":"closed","sticky":false,"template":"","format":"standard","meta":{"footnotes":""},"categories":[1],"tags":[],"_links":{"self":[{"href":"https:\/\/www.gnss-consulting.com\/blog\/wp-json\/wp\/v2\/posts\/5932"}],"collection":[{"href":"https:\/\/www.gnss-consulting.com\/blog\/wp-json\/wp\/v2\/posts"}],"about":[{"href":"https:\/\/www.gnss-consulting.com\/blog\/wp-json\/wp\/v2\/types\/post"}],"author":[{"embeddable":true,"href":"https:\/\/www.gnss-consulting.com\/blog\/wp-json\/wp\/v2\/users\/1"}],"replies":[{"embeddable":true,"href":"https:\/\/www.gnss-consulting.com\/blog\/wp-json\/wp\/v2\/comments?post=5932"}],"version-history":[{"count":1,"href":"https:\/\/www.gnss-consulting.com\/blog\/wp-json\/wp\/v2\/posts\/5932\/revisions"}],"predecessor-version":[{"id":5933,"href":"https:\/\/www.gnss-consulting.com\/blog\/wp-json\/wp\/v2\/posts\/5932\/revisions\/5933"}],"wp:attachment":[{"href":"https:\/\/www.gnss-consulting.com\/blog\/wp-json\/wp\/v2\/media?parent=5932"}],"wp:term":[{"taxonomy":"category","embeddable":true,"href":"https:\/\/www.gnss-consulting.com\/blog\/wp-json\/wp\/v2\/categories?post=5932"},{"taxonomy":"post_tag","embeddable":true,"href":"https:\/\/www.gnss-consulting.com\/blog\/wp-json\/wp\/v2\/tags?post=5932"}],"curies":[{"name":"wp","href":"https:\/\/api.w.org\/{rel}","templated":true}]}}