{"id":5940,"date":"2020-10-02T02:10:19","date_gmt":"2020-10-02T02:10:19","guid":{"rendered":"http:\/\/www.gnss-consulting.com\/blog\/?p=5940"},"modified":"2020-09-26T04:12:58","modified_gmt":"2020-09-26T04:12:58","slug":"rencontre-photo-corte-2","status":"publish","type":"post","link":"https:\/\/www.gnss-consulting.com\/blog\/2020\/10\/02\/rencontre-photo-corte-2\/","title":{"rendered":"Rencontre Photo Corte"},"content":{"rendered":"<p>\u03a4\u03bf \u03c0\u03bb\u03ae\u03c1\u03c9\u03c2 \u03b1\u03bd\u03b1\u03c3\u03c7\u03b5\u03b4\u03b9\u03b1\u03c3\u03bc\u03ad\u03bd\u03bf \u03b5\u03b9\u03b4\u03b9\u03ba\u03ac \u03b3\u03b9\u03b1 \u03b3\u03c5\u03bd\u03b1\u03af\u03ba\u03b5\u03c2 \u03c3\u03b1\u03ba\u03af\u03b4\u03b9\u03bf Jester \u03c4\u03b7\u03c2 The North Face \u03b3\u03b9\u03b1 \u03ba\u03b1\u03b8\u03b7\u03bc\u03b5\u03c1\u03b9\u03bd\u03ae \u03c7\u03c1\u03ae\u03c3\u03b7. \u0399\u03b4\u03b1\u03bd\u03b9\u03ba\u03cc \u03b3\u03b9\u03b1 \u03bc\u03b5\u03c4\u03b1\u03c6\u03bf\u03c1\u03ac Laptop \u03ad\u03c9\u03c2 15. A ceux qui croient que cest un faux profil, vous vous mettez le doit dans l oeil. Soyez les premiers inform\u00e9s de lactualit\u00e9 en recevant les newsletter de Corse Matin Sinscrire  Sorry, you have been blocked You are unable to access routard.com <img decoding=\"async\" src=\"http:\/\/masterseer.f4jr.org\/pictures\/porte_ouverte_adec.jpg\" alt=\"rencontre photo corte\" align=\"center\"> 2020 Rencontres photographiques du 10e Tous droits r\u00e9serv\u00e9s D\u00e9velopp\u00e9 par France, Europe, Union Europ\u00e9enne, Monde.. Cest toujours plus facile dapprendre en samusant-Cheveux : Blond-167 cm-Statut civil: C\u00e9libataire Une plateforme de pr\u00e9sentation des \u0153uvres de la collection a \u00e9t\u00e9 publiquement mise en ligne \u00e0 l\u00e9t\u00e9 2019. Diff\u00e9rents intervenants sur des questions soci\u00e9tales vari\u00e9es  Lors de l\u00e9dition 2013, plus de 6 000 spectateurs ont assist\u00e9 aux soir\u00e9es de projections photographiques, soit environ 1 500 spectateurs par soir. Avant-go\u00fbt de la 8 \u00e9dition du Festival de la Photographie organis\u00e9 par Photo Menton, avec le soutien de la Ville, du 17 au 25 novembre 2012 au Palais de lEurope, les Rencontres Photographiques de Corte sinstallent dans les jardins Biov\u00e8s. Communiquer avec les membres \u00e0 proximit\u00e9 ou pas. Loccasion pour le public de partir \u00e0 la d\u00e9couverte de lIle de Beaut\u00e9 vue autrement, au travers de paysages naturels splendides, dun patrimoine culturel riche et de rencontres humaines fortes Une belle mani\u00e8re aussi de partager la passion de ces artistes corses pour lauthenticit\u00e9 et pour la sinc\u00e9rit\u00e9 qui rassemblent les peuples de la M\u00e9diterran\u00e9e. \u039c\u03b1\u03b3\u03b9\u03bf med 2015 \u03b3\u03c5\u03bd\u03b1\u03b9\u03ba\u03b5\u03b9\u03b1 999,00 \u03c3\u03ac\u03bb\u03c4\u03c3\u03b5\u03c2 \u03bc\u03b5 \u03b3\u03b9\u03b1\u03bf\u03cd\u03c1\u03c4\u03b9 Dopu rifiatati appena inc\u00f9 un spuntinu spartutu in i lucali di u Campus Mariani, i prutagunisti si s\u00f2 adduniti in lanfiteatru di lUFR, inc\u00f9 i capi di centri, presidenti di lamicale \u00e8 p\u00f2 i riprisententi ufficiali di i dui SIS \u00e8 di a Cullettivit\u00e0 di Corsica : <img decoding=\"async\" src=\"http:\/\/pictures.noxcom.com\/annonces\/885000\/885531\/a885531.jpg\" alt=\"rencontre photo corte\" align=\"left\">  <img decoding=\"async\" src=\"http:\/\/ajaccio-basketclub.com\/ajacciobasketclub\/wp-content\/uploads\/2016\/09\/Championnat-2016-2017.jpg\" alt=\"rencontre photo corte\" align=\"left\"> Durant pr\u00e8s de deux heures, les d\u00e9bats et \u00e9changes autour des enjeux scientifiques, anciens et nouveaux, ont \u00e9t\u00e9 riches et fructueux. Les personnes pr\u00e9sentes ont \u00e9t\u00e9 tr\u00e8s attentives aux explications du Professeur AMATORE, et ont pu appr\u00e9cier la qualit\u00e9 et la clart\u00e9 de ses interventions. Je suis un homme \u00e2g\u00e9 de 52ans, divorcez et jaimerais entreprendre une relation s\u00e9rieuse pouvant conduire \u00e0 un mariage dans le futur.<\/p>\n","protected":false},"excerpt":{"rendered":"<p>rencontre photo corte<\/p>\n","protected":false},"author":1,"featured_media":0,"comment_status":"closed","ping_status":"closed","sticky":false,"template":"","format":"standard","meta":{"footnotes":""},"categories":[1],"tags":[],"_links":{"self":[{"href":"https:\/\/www.gnss-consulting.com\/blog\/wp-json\/wp\/v2\/posts\/5940"}],"collection":[{"href":"https:\/\/www.gnss-consulting.com\/blog\/wp-json\/wp\/v2\/posts"}],"about":[{"href":"https:\/\/www.gnss-consulting.com\/blog\/wp-json\/wp\/v2\/types\/post"}],"author":[{"embeddable":true,"href":"https:\/\/www.gnss-consulting.com\/blog\/wp-json\/wp\/v2\/users\/1"}],"replies":[{"embeddable":true,"href":"https:\/\/www.gnss-consulting.com\/blog\/wp-json\/wp\/v2\/comments?post=5940"}],"version-history":[{"count":1,"href":"https:\/\/www.gnss-consulting.com\/blog\/wp-json\/wp\/v2\/posts\/5940\/revisions"}],"predecessor-version":[{"id":5941,"href":"https:\/\/www.gnss-consulting.com\/blog\/wp-json\/wp\/v2\/posts\/5940\/revisions\/5941"}],"wp:attachment":[{"href":"https:\/\/www.gnss-consulting.com\/blog\/wp-json\/wp\/v2\/media?parent=5940"}],"wp:term":[{"taxonomy":"category","embeddable":true,"href":"https:\/\/www.gnss-consulting.com\/blog\/wp-json\/wp\/v2\/categories?post=5940"},{"taxonomy":"post_tag","embeddable":true,"href":"https:\/\/www.gnss-consulting.com\/blog\/wp-json\/wp\/v2\/tags?post=5940"}],"curies":[{"name":"wp","href":"https:\/\/api.w.org\/{rel}","templated":true}]}}