{"id":6226,"date":"2020-10-03T00:43:15","date_gmt":"2020-10-03T00:43:15","guid":{"rendered":"http:\/\/www.gnss-consulting.com\/blog\/?p=6226"},"modified":"2020-09-26T14:50:52","modified_gmt":"2020-09-26T14:50:52","slug":"rencontres-de-l-ecologie-politique-2","status":"publish","type":"post","link":"https:\/\/www.gnss-consulting.com\/blog\/2020\/10\/03\/rencontres-de-l-ecologie-politique-2\/","title":{"rendered":"Rencontres De L \u00c9cologie Politique"},"content":{"rendered":"<p><img decoding=\"async\" src=\"http:\/\/www.jlleguellec.fr\/wp-content\/uploads\/2015\/09\/Collectif-citoyen.png\" alt=\"rencontres de l \u00e9cologie politique\" align=\"right\"> Quelques semaines avant son entr\u00e9e dans le gouvernement en tant quenvoy\u00e9 sp\u00e9cial pour la protection de la plan\u00e8te, Nicolas Hulot faisait le point sur sa vision de l\u00e9cologie politique et sa rencontre avec Pierre Rabhi.  <img decoding=\"async\" src=\"http:\/\/blog.ecologie-politique.eu\/public\/Bouquins\/.egologie_petite_m.jpg\" alt=\"rencontres de l \u00e9cologie politique\" align=\"center\"> Depuis plus de 40 ans, des \u00e9cologistes sont \u00e9lu.e.s de collectivit\u00e9s territoriales, \u00e0 lAssembl\u00e9e Nationale, au S\u00e9nat, pr\u00e9sents dans divers gouvernements de droite ou de gauche. \u00c0 lheure de leffondrement de la biodiversit\u00e9 et au regard des d\u00e9fis de lhumanit\u00e9 qui y sont li\u00e9s, l\u00e9cologie politique est-elle la voie ad\u00e9quate ou a t-elle \u00e9t\u00e9 dores et d\u00e9j\u00e0 absorb\u00e9e par le syst\u00e8me, ses id\u00e9es en proie aux lobbies et \u00e0 la Real Politik? Comment peut-elle agir \u00e0 la fois en-dedans et au-dehors sans se compromettre? Le d\u00e9part du gouvernement de Nicolas Hulot, pourtant Ministre d\u00c9tat, est-il r\u00e9v\u00e9lateur des dilemmes et des limites de l\u00e9cologie politique? L\u00e9cologie doit-elle sortir des partis et du jeu politiques pour se faire entendre et atteindre ses buts? Est-elle dores et d\u00e9j\u00e0 d\u00e9pass\u00e9e par la jeunesse et lampleur des mouvements mondiaux de d\u00e9sob\u00e9issance civile en lutte contre le r\u00e9chauffement climatique et la crise \u00e9cologique? Bref, o\u00f9 en est l\u00e9cologie politique? <img decoding=\"async\" src=\"http:\/\/www.fondationecolo.org\/\/var\/miniatures\/d5df0b075462b949d21ec9228c58b784-79.png-576e0dd9a41cbd5f1f4ee8c2775589f4.png\" alt=\"rencontres de l \u00e9cologie politique\" align=\"center\"> Julie Brugier SACRe, \u00c9cole des Arts D\u00e9coratifs de Paris : Vers un design frugal? Une recherche par le design doutils, dobjets, dinstallations, visant \u00e0 r\u00e9activer aupr\u00e8s du plus grand nombre des \u00e9conomies domestiques frugales, par le renouement dune relation plus conviviale \u00e0 nos ressources Economieenvironnement : irr\u00e9ductible contradiction Flor\u00e9al M. Romero, Agir ici et maintenant, penser l\u00e9cologie sociale de Murray Bookchin, editions du commun, octobre 2019. Ce site utilise Akismet pour r\u00e9duire les ind\u00e9sirables. UGA \u00c9ditions-Universit\u00e9 Grenoble Alpes-Les natures de la ville n\u00e9olib\u00e9rale Labex Arts-H2H, MUSIDANSE, TEAMeDAIAC Universit\u00e9 Paris 8.. Lhomme de d\u00e9velopper de nouvelles capacit\u00e9s mentales. M\u00ealant les th\u00e8mes de la survie humaine et de l \u00e9cologie au coeur de multiples conspirations, loeuvre dHerbert sera r\u00e9compens\u00e9e par le prix Nebula.. Lundi 6 octobre 2014, \u00e0 20h au Th\u00e9\u00e2tre D\u00e9jazet Paris 10e.  Murray Bookchin, LEcologie sociale : penser la libert\u00e9 au-del\u00e0 de lhumain, 2020, Marseille, Wildproject, p.298 LEurope est partout dans notre quotidien, mais la connaissez-vous vraiment? Venez placer les pays, capitales, drapeaux et monuments sur une carte g\u00e9ante de lEurope! La diff\u00e9rence entre Conseil de lEurope et Union europ\u00e9enne vous semble obscure? Cet atelier sera loccasion d\u00e9claircir tout \u00e7a! Cependant, il y a loin entre linformation et la prise de conscience, The project Arts, ecologies, transitions. Building a common reference, in which this encounters take place, wishes to accompany certain notable developments in the field of the arts as well as theoretical discourse on art and which, rejecting the confinement of art to the realm of civilizational oversupply, are attentive to questions arising from current ecological, economic and social crises as well as the crisis of representation we also currently experiencing. We propose to use the notion of transition extensively explored in the field of political ecology-to address developments that fall outside of the transformations or discontinuities commonly examined in modern or postmodern art. Such transformations and discontinuities are rather of a formal nature, while the transitions we are referring to here go as far as redefining even the concept of art itself. 27Cet article pourra para\u00eetre survoler extraordinairement vite un ensemble tr\u00e8s lourd de probl\u00e8mes. Nous pensons n\u00e9anmoins que cest le prix \u00e0 payer pour donner un aper\u00e7u de cet objet quest l\u00e9cologie politique et des probl\u00e8mes quil pose, tant sont \u00e9pars les fils de lanalyse quil a fallu reprendre et tisser pour donner \u00e0 cet objet un d\u00e9but de consistance. Cest une gageure que de faire entrer lensemble dans lespace dun article, compte tenu du degr\u00e9 extr\u00eame de dispersion des approches et des perspectives existant \u00e0 lheure actuelle sur ce sujet. Nous esp\u00e9rons toutefois avoir r\u00e9ussi \u00e0 montrer tout lint\u00e9r\u00eat et la port\u00e9e de ce nouvel objet quest l\u00e9cologisme, dans ses diverses dimensions. Ce travail nest pas un ach\u00e8vement, cest un commencement, un point de d\u00e9part, qui se situe \u00e0 la fronti\u00e8re entre philosophie et sciences sociales, et qui permet nous lesp\u00e9rons de mieux comprendre ce qui se pr\u00e9sente \u00e0 nous humanit\u00e9 comme un \u00e9norme d\u00e9fi. Distribution de masques aux messins :je tiens \u00e0 saluer tous les employ\u00e9s municipaux qui ont particip\u00e9 \u00e0 cette distribution. Constituerait notre principale marge de man\u0153uvre pour faire changer est doctorant en g\u00e9ogrpahie. Il publie en 2020 Toutes les couleurs de la terre aux \u00e9ditions Kana. Deux musiciens de la formation Grup Yorum, Helin Bolak et Ibrahim Gok\u00e7ek ont trouv\u00e9 la mort apr\u00e8s une tr\u00e8s longue gr\u00e8ve de la faim. .<\/p>\n","protected":false},"excerpt":{"rendered":"<p>rencontres de l \u00e9cologie politique<\/p>\n","protected":false},"author":1,"featured_media":0,"comment_status":"closed","ping_status":"closed","sticky":false,"template":"","format":"standard","meta":{"footnotes":""},"categories":[1],"tags":[],"_links":{"self":[{"href":"https:\/\/www.gnss-consulting.com\/blog\/wp-json\/wp\/v2\/posts\/6226"}],"collection":[{"href":"https:\/\/www.gnss-consulting.com\/blog\/wp-json\/wp\/v2\/posts"}],"about":[{"href":"https:\/\/www.gnss-consulting.com\/blog\/wp-json\/wp\/v2\/types\/post"}],"author":[{"embeddable":true,"href":"https:\/\/www.gnss-consulting.com\/blog\/wp-json\/wp\/v2\/users\/1"}],"replies":[{"embeddable":true,"href":"https:\/\/www.gnss-consulting.com\/blog\/wp-json\/wp\/v2\/comments?post=6226"}],"version-history":[{"count":1,"href":"https:\/\/www.gnss-consulting.com\/blog\/wp-json\/wp\/v2\/posts\/6226\/revisions"}],"predecessor-version":[{"id":6227,"href":"https:\/\/www.gnss-consulting.com\/blog\/wp-json\/wp\/v2\/posts\/6226\/revisions\/6227"}],"wp:attachment":[{"href":"https:\/\/www.gnss-consulting.com\/blog\/wp-json\/wp\/v2\/media?parent=6226"}],"wp:term":[{"taxonomy":"category","embeddable":true,"href":"https:\/\/www.gnss-consulting.com\/blog\/wp-json\/wp\/v2\/categories?post=6226"},{"taxonomy":"post_tag","embeddable":true,"href":"https:\/\/www.gnss-consulting.com\/blog\/wp-json\/wp\/v2\/tags?post=6226"}],"curies":[{"name":"wp","href":"https:\/\/api.w.org\/{rel}","templated":true}]}}