{"id":6432,"date":"2020-10-04T06:52:08","date_gmt":"2020-10-04T06:52:08","guid":{"rendered":"http:\/\/www.gnss-consulting.com\/blog\/?p=6432"},"modified":"2020-09-26T22:32:41","modified_gmt":"2020-09-26T22:32:41","slug":"rencontre-les-karellis-3","status":"publish","type":"post","link":"https:\/\/www.gnss-consulting.com\/blog\/2020\/10\/04\/rencontre-les-karellis-3\/","title":{"rendered":"Rencontre Les Karellis"},"content":{"rendered":"<p><img decoding=\"async\" src=\"http:\/\/3.bp.blogspot.com\/-5HBQe4RfbxI\/TstjHxTnaII\/AAAAAAAABAU\/YcHfdNtKGEI\/s1600\/setup.JPG\" alt=\"rencontre les karellis\" align=\"right\">  Tes voyages, tes impressions et tes conseils sont une source dinspiration et de progression. Propose tes r\u00e9cits sur le blog. En poursuivant votre navigation sur ce site, vous acceptez lutilisation de cookies notamment pour r\u00e9aliser des statistiques de visites, Enseignement Enseignement Autres activit\u00e9s denseignement Enseignement de disciplines sportives et dactivit\u00e9s de loisirs Enseignement de disciplines sportives et dactivit\u00e9s de loisirs Les Karellis doivent \u00eatre en effet linstrument dun nouvel essor \u00e9conomique : lavenir dAlbanne d\u00e9pend donc de lavenir des Karellis commente ainsi le maire, Aim\u00e9 Pasquier. La premi\u00e8re personne interrog\u00e9e lassure, il sagit de faire se d\u00e9velopper une commune sur le plan \u00e9conomique, social et culturel quand le second t\u00e9moin insiste pour dire que les emplois cr\u00e9\u00e9s le sont essentiellement pour les gens de la commune puisque sur 120 emplois actuellement dans la station, il y en a 90 qui sont tenus par des gens de la commune. Ce gisement demplois repose essentiellement sur la mise en place dune station de ski int\u00e9gr\u00e9e. Les nombreux plans sur la station sugg\u00e8rent un tel mod\u00e8le : implantation d\u00e9cid\u00e9e sur un plan circulaire en amphith\u00e9\u00e2tre autour dun point de ralliement le forum, constructions massives quoique mieux int\u00e9gr\u00e9es au paysage, destin\u00e9es \u00e0 loger beaucoup de monde sur un site \u00e9troit, commerces sur le forum avec en arri\u00e8re-plan une montagne vierge. Le projet des Karellis sinscrit bien dans la continuit\u00e9 des espoirs mis dans les ann\u00e9es 1960 dans les stations int\u00e9gr\u00e9es qui, sur le mod\u00e8le de Courchevel, devaient apporter aisance \u00e9conomique aux communes montagnardes et essor touristique \u00e0 la France. De ce point de vue l\u00e0, le projet des Karellis nappara\u00eet gu\u00e8re nouveau. ODESIA VACANCES JURA Terrains de camping et parcs pour caravanes ou v\u00e9hicules de loisirs Tarif agent Tarif n\u00e9goci\u00e9 par le CE-subvention li\u00e9e au QF-10 CSCE RATP <img decoding=\"async\" src=\"http:\/\/www.mode-shop.fr\/images\/produits\/75\/pull-Miss-Selfridge-16606494-2.jpg\" alt=\"rencontre les karellis\" align=\"center\"> RELAIS SOLEIL RENCONTRES Villlage de Vacances et appartements Broadcast Lite WordPress Theme lovingly built by.  ALBANNE 73870 Montricher-Albanne soci\u00e9t\u00e9 depuis 1993 Soci\u00e9t\u00e9 civile immobili\u00e8re Les Karellis : un exemple de tourisme social et associatif en montagne VOYAGEONS AUTREMENT Randonn\u00e9e Savoie Maurienne avec l\u00e9vasion en marchant Ce stage sadresse aux musiciens de tous \u00e2ges et tous niveaux voulant se perfectionner dans leur discipline. \u00c0 40 km de Grenoble, surplombant la vall\u00e9e de lIs\u00e8re, Prapoutel est lun des villages de la station des 7 Laux. Face au massif de la Chartreuse, vos vacances aux 7 Laux seront loccasion de.. Recherche en cours Veuillez patienter quelques instants Cartable \u00e0 la neige du CP au CM2 : du 3 janvier au 7 f\u00e9vrier et du 7 mars au 4 avril 2021, 1h30 chaque jour est consacr\u00e9e \u00e0 laide aux devoirs en fin de journ\u00e9e sur le Club. Inscription obligatoire \u00e0 la r\u00e9servation. Nombre de places limit\u00e9 et r\u00e9serv\u00e9 aux s\u00e9jours semaine. Accompagnement ski ados  MONSIEUR PIERRE LAURENT MOLBERT Autres activit\u00e9s li\u00e9es au sport Vous devez selectionner une de ses locations. Contacter le propri\u00e9taire <img decoding=\"async\" src=\"http:\/\/2.bp.blogspot.com\/-m1_NImNxp5Y\/UGhDsZmHmrI\/AAAAAAAAOCE\/gNMKlH8N2f0\/s1600\/usher-dog.jpg\" alt=\"rencontre les karellis\" align=\"right\"> Studio de 17 m2, dans quartier calme de Saint-Julien Mont-Denis, \u00e0 moins de 10 minutes de la gare de Saint-Jean de Maurienne.<\/p>\n","protected":false},"excerpt":{"rendered":"<p>rencontre les karellis<\/p>\n","protected":false},"author":1,"featured_media":0,"comment_status":"closed","ping_status":"closed","sticky":false,"template":"","format":"standard","meta":{"footnotes":""},"categories":[1],"tags":[],"_links":{"self":[{"href":"https:\/\/www.gnss-consulting.com\/blog\/wp-json\/wp\/v2\/posts\/6432"}],"collection":[{"href":"https:\/\/www.gnss-consulting.com\/blog\/wp-json\/wp\/v2\/posts"}],"about":[{"href":"https:\/\/www.gnss-consulting.com\/blog\/wp-json\/wp\/v2\/types\/post"}],"author":[{"embeddable":true,"href":"https:\/\/www.gnss-consulting.com\/blog\/wp-json\/wp\/v2\/users\/1"}],"replies":[{"embeddable":true,"href":"https:\/\/www.gnss-consulting.com\/blog\/wp-json\/wp\/v2\/comments?post=6432"}],"version-history":[{"count":1,"href":"https:\/\/www.gnss-consulting.com\/blog\/wp-json\/wp\/v2\/posts\/6432\/revisions"}],"predecessor-version":[{"id":6433,"href":"https:\/\/www.gnss-consulting.com\/blog\/wp-json\/wp\/v2\/posts\/6432\/revisions\/6433"}],"wp:attachment":[{"href":"https:\/\/www.gnss-consulting.com\/blog\/wp-json\/wp\/v2\/media?parent=6432"}],"wp:term":[{"taxonomy":"category","embeddable":true,"href":"https:\/\/www.gnss-consulting.com\/blog\/wp-json\/wp\/v2\/categories?post=6432"},{"taxonomy":"post_tag","embeddable":true,"href":"https:\/\/www.gnss-consulting.com\/blog\/wp-json\/wp\/v2\/tags?post=6432"}],"curies":[{"name":"wp","href":"https:\/\/api.w.org\/{rel}","templated":true}]}}