{"id":6528,"date":"2020-10-04T09:24:15","date_gmt":"2020-10-04T09:24:15","guid":{"rendered":"http:\/\/www.gnss-consulting.com\/blog\/?p=6528"},"modified":"2020-09-27T02:03:22","modified_gmt":"2020-09-27T02:03:22","slug":"rencontre-benoit-xvi-et-pape-francois-2","status":"publish","type":"post","link":"https:\/\/www.gnss-consulting.com\/blog\/2020\/10\/04\/rencontre-benoit-xvi-et-pape-francois-2\/","title":{"rendered":"Rencontre Benoit Xvi Et Pape Fran\u00e7ois"},"content":{"rendered":"<p>Pour sauvegarder mes filtres et personnaliser mon flux Le 14 f\u00e9vrier 2015, il est de nouveau convi\u00e9 pour le second consistoire du pape Fran\u00e7ois qui voit la cr\u00e9ation de 20 nouveaux cardinaux. <img decoding=\"async\" src=\"http:\/\/www.lepoint.fr\/images\/2014\/03\/11\/pape-francois-2492437-jpg_2141288_660x281.JPG\" alt=\"rencontre benoit xvi et pape fran\u00e7ois\" align=\"center\"> Accordez, nous vous en prions, Dieu Tout-Puissant : \u00e0 nous qui c\u00e9l\u00e9brons la solennit\u00e9 des dons du Saint-Esprit, quenflamm\u00e9s de c\u00e9lestes d\u00e9sirs, nous ayons soif de la source de la vie.  BENOIT XVI PARTICIPERA A LA RENCONTRE DU PAPE FRAN\u00c7OIS AVEC LES GRANDS-PARENTS DON BOSCO AFO Certes, Beno\u00eet XVI, comme Fran\u00e7ois, a pos\u00e9 des actes pour agir sur les structures, en \u0153uvrant avec Jean Paul II, \u00e0 l\u00e9poque o\u00f9 il \u00e9tait pr\u00e9fet de la Congr\u00e9gation pour la doctrine de la foi, pour que les dossiers de pr\u00eatres abuseurs soient trait\u00e9s par celle-ci et non plus par la Congr\u00e9gation pour le Clerg\u00e9 qui ne les condamnait quasiment jamais. Et certes, Fran\u00e7ois na cess\u00e9 de rappeler que la r\u00e9forme de l\u00c9glise, si elle n\u00e9tait pas dabord conversion spirituelle, ne servirait \u00e0 rien. Certes, enfin, les deux se retrouvent sur la question du mal : si pour Beno\u00eet XVI, les abus sont la cons\u00e9quence dun mal qui se nourrit du refus daimer Dieu, Fran\u00e7ois les qualifie de messes noires et y d\u00e9signe la marque de Satan. Mais ces notes de Beno\u00eet XVI jettent le trouble. Certains pro-Beno\u00eet se r\u00e9jouissent de ce quils estiment \u00eatre un recadrage bien m\u00e9rit\u00e9 de Fran\u00e7ois-le-progressiste, quand certains pro-Fran\u00e7ois raillent les vieilles lunes de Beno\u00eet-le-r\u00e9actionnaire.  Pierre sapproche des civi\u00e8res et passe parmi les malades, comme lavait fait J\u00e9sus, en prenant sur lui les infirmit\u00e9s et les maladies cf. Mt 8, 17; Is 53, 4. Et Pierre, le p\u00e9cheur de Galil\u00e9e, passe, mais laisse que ce soit un Autre qui se manifeste: que ce soit le Christ vivant et agissant! En effet, le t\u00e9moin est celui qui manifeste le Christ, tant par les paroles que par la pr\u00e9sence corporelle, qui lui permet d\u00e9tablir des relations et d\u00eatre le prolongement du Verbe fait chair dans lhistoire. Dans lancien monast\u00e8re, lex-pape sinstalle avec quatre la\u00efques consacr\u00e9es du mouvement Memores Domini qui le servaient d\u00e9j\u00e0 dans lappartement pontifical, ainsi que Mgr G\u00e4nswein. Le pr\u00e9sident Trump a d\u00e9j\u00e0 signifi\u00e9 son opposition \u00e0 linitiative., Beno\u00eet XVI, le pape qui ne devait pas \u00eatre \u00e9lu,, 2005 <img decoding=\"async\" src=\"http:\/\/s-www.ledauphine.com\/images\/C44E0827-576E-45F3-8710-33CF35F59BC4\/LDL_V0_06\/jacques-remiller-sera-le-seul-depute-francais-a-accompagner-nicolas-sarkozy-pour-rencontrer-le-pape-benoit-xvi-archives-le-dl.jpg\" alt=\"rencontre benoit xvi et pape fran\u00e7ois\" align=\"center\"> et Fr\u00e9d\u00e9ric Mounier, Protestations et r\u00e9actions en France et dans le monde aux propos du pape, dans La Croix, 18 mars 2009, 22 avril 1984 : apr\u00e8s une longue enqu\u00eate canonique de 8 ans, qui a dabord accus\u00e9 S\u0153ur Agn\u00e8s totalement gu\u00e9rie de sa surdit\u00e9 depuis ao\u00fbt 1981 de supercherie et de folie, Mgr It\u00f4 d\u00e9clare authentiques les \u00e9v\u00e9nements dAkita et autorise la v\u00e9n\u00e9ration de Notre-Dame dAkita. Quant \u00e0 la teneur des messages re\u00e7us, elle nest pas contraire \u00e0 la doctrine catholique ou aux bonnes m\u0153urs. Quand on pense \u00e0 l\u00e9tat actuel du monde, lavertissement semble y correspondre en de nombreux points. L\u00e9v\u00eaque souligne que le terrible message \u00e9tait au d\u00e9part difficile \u00e0 croire, mais que des preuves irr\u00e9futables dont deux gu\u00e9risons lont convaincu dattester la v\u00e9rit\u00e9 des manifestations de la Sainte Vierge. Il pr\u00e9cise aussi que lavertissement saccompagne de la proclamation de lamour maternel de Marie pour lhumanit\u00e9 La pens\u00e9e de la perte de tant d\u00e2mes est la cause de ma tristesse.. Tuer au nom de Dieu est une aberration, il faut croire avec libert\u00e9, sans offenser, sans imposer, ni tuer <img decoding=\"async\" src=\"http:\/\/www.guinee24.com\/typo3temp\/_processed_\/csm_Pape-Francois_a6528764c8.jpg\" alt=\"rencontre benoit xvi et pape fran\u00e7ois\" align=\"center\"> En pr\u00e9sence de Monsieur Philippe ZELLER, Ambassadeur de France pr\u00e8s le Saint-Si\u00e8ge, la rencontre sest ouverte sur la question des oppositions que le Pape Fran\u00e7ois connait \u00e0 cause de ses r\u00e9formes notamment lors du synode de la famille, et par sa volont\u00e9 de rapprocher les catholiques. Cette position a donc cr\u00e9\u00e9 de nombreuses inqui\u00e9tudes au sein des Universit\u00e9s mais aussi au sein du Vatican lui-m\u00eame. En effet, de nombreux cardinaux sinqui\u00e8tent du dogme du mariage en liaison avec les questions actuelles telles que le mariage homosexuel et la question du divorce et du remariage. Confidentialit\u00e9 Cookies : Ce site utilise des cookies. En continuant \u00e0 utiliser ce site, vous acceptez leur utilisation. Incr\u00e9\u00e9 est le P\u00e8re, incr\u00e9\u00e9 est le Fils, incr\u00e9\u00e9 est lEsprit Saint. Le contenu de ce champ sera maintenu priv\u00e9 et ne sera pas affich\u00e9 publiquement. Browse: La pri\u00e8re multi-religieuse pour vaincre le coronavirus, la derni\u00e8re impi\u00e9t\u00e9 du pape Fran\u00e7ois Abonn\u00e9e au P\u00e8lerin, je cr\u00e9e pour la 1 \u00e8re fois mon compte Le P\u00e8lerin tion quil en re\u00e7oit et concours quil lui pr\u00eate 16 la biographic R\u00e9ponse \u00e0 une attaque Lettre Concepts uncritically borrowed from Marxist ideology and recourse to theses of a biblical hermeneutic marked by rationalism are at the basis of the new interpretation which is corrupting whatever was authentic in the generous initial commitment on behalf of the poor. Libertatis Nuntius, VI, 5.  Posted in,,,,,,, Related Posts Les derniers articles Merci de nous d\u00e9crire pr\u00e9cis\u00e9ment ce qui vous para\u00eet ill\u00e9gal dans ce message.<\/p>\n","protected":false},"excerpt":{"rendered":"<p>rencontre benoit xvi et pape fran\u00e7ois<\/p>\n","protected":false},"author":1,"featured_media":0,"comment_status":"closed","ping_status":"closed","sticky":false,"template":"","format":"standard","meta":{"footnotes":""},"categories":[1],"tags":[],"_links":{"self":[{"href":"https:\/\/www.gnss-consulting.com\/blog\/wp-json\/wp\/v2\/posts\/6528"}],"collection":[{"href":"https:\/\/www.gnss-consulting.com\/blog\/wp-json\/wp\/v2\/posts"}],"about":[{"href":"https:\/\/www.gnss-consulting.com\/blog\/wp-json\/wp\/v2\/types\/post"}],"author":[{"embeddable":true,"href":"https:\/\/www.gnss-consulting.com\/blog\/wp-json\/wp\/v2\/users\/1"}],"replies":[{"embeddable":true,"href":"https:\/\/www.gnss-consulting.com\/blog\/wp-json\/wp\/v2\/comments?post=6528"}],"version-history":[{"count":1,"href":"https:\/\/www.gnss-consulting.com\/blog\/wp-json\/wp\/v2\/posts\/6528\/revisions"}],"predecessor-version":[{"id":6529,"href":"https:\/\/www.gnss-consulting.com\/blog\/wp-json\/wp\/v2\/posts\/6528\/revisions\/6529"}],"wp:attachment":[{"href":"https:\/\/www.gnss-consulting.com\/blog\/wp-json\/wp\/v2\/media?parent=6528"}],"wp:term":[{"taxonomy":"category","embeddable":true,"href":"https:\/\/www.gnss-consulting.com\/blog\/wp-json\/wp\/v2\/categories?post=6528"},{"taxonomy":"post_tag","embeddable":true,"href":"https:\/\/www.gnss-consulting.com\/blog\/wp-json\/wp\/v2\/tags?post=6528"}],"curies":[{"name":"wp","href":"https:\/\/api.w.org\/{rel}","templated":true}]}}