{"id":7050,"date":"2020-10-05T18:02:06","date_gmt":"2020-10-05T18:02:06","guid":{"rendered":"http:\/\/www.gnss-consulting.com\/blog\/?p=7050"},"modified":"2020-09-27T22:47:34","modified_gmt":"2020-09-27T22:47:34","slug":"rencontre-claire-keim-bixente-lizarazu-3","status":"publish","type":"post","link":"https:\/\/www.gnss-consulting.com\/blog\/2020\/10\/05\/rencontre-claire-keim-bixente-lizarazu-3\/","title":{"rendered":"Rencontre Claire Keim Bixente Lizarazu"},"content":{"rendered":"<p> Aim\u00e9 Jacquet int\u00e8gre Lizarazu au groupe professionnel \u00e0 Bordeaux. Recevez par mail les infos et conseils de la r\u00e9daction \u00e0 ne pas rater  Elsa Lunghini : elle raconte son coup de foudre pour son ex Bixente Lizarazu Bless\u00e9, Lizarazu ne peut participer \u00e0 la finale de C1 1999. En octobre 2013, il produit et r\u00e9alise le premier \u00e9pisode de sa s\u00e9rie de documentaires Fr\u00e8res de sport, qui se penche sur des activit\u00e9s diverses telles que le surf, le ski ou les arts martiaux. Dans ces documentaires, Bixente Lizarazu part \u00e0 la rencontre dun sportif embl\u00e9matique de son sport, au c\u0153ur des lieux qui en font sa l\u00e9gende. En totale immersion, il vit au rythme de ces personnages hors du commun, se plonge dans leur discipline et partage des instants intimes de leur quotidien. \u03a4\u03bf \u03bc\u03c0\u03ac\u03bd\u03b9\u03bf \u03b5\u03af\u03bd\u03b1\u03b9 \u03ad\u03bd\u03b1 \u03b1\u03c0\u03cc \u03c4\u03b1 \u03c0\u03b9\u03bf \u03b4\u03b7\u03bc\u03bf\u03c6\u03b9\u03bb\u03ae \u03b4\u03c9\u03bc\u03ac\u03c4\u03b9\u03b1 \u03bc\u03ad\u03c3\u03b1 \u03c3\u03b5 \u03ad\u03bd\u03b1 \u03c3\u03c0\u03af\u03c4\u03b9. \u0395\u03af\u03bd\u03b1\u03b9 \u03bf \u03c0\u03c1\u03ce\u03c4\u03bf\u03c2 \u03c7\u03ce\u03c1\u03bf\u03c2 \u03c0\u03bf\u03c5 \u03c0\u03b7\u03b3\u03b1\u03af\u03bd\u03bf\u03c5\u03bc\u03b5 \u03cc\u03c4\u03b1\u03bd \u03be\u03c5\u03c0\u03bd\u03ac\u03bc\u03b5, \u03ba\u03b1\u03b9 \u03bf \u03c4\u03b5\u03bb\u03b5\u03c5\u03c4\u03b1\u03af\u03bf\u03c2 \u03c0\u03c1\u03b9\u03bd \u03c0\u03ac\u03bc\u03b5 \u03b3\u03b9\u03b1 \u03cd\u03c0\u03bd\u03bf. \u038c\u03c4\u03b1\u03bd \u03be\u03b5\u03ba\u03b9\u03bd\u03ac\u03c4\u03b5 \u03c4\u03b7\u03bd \u03b1\u03bd\u03b1\u03b4\u03b9\u03b1\u03bc\u03cc\u03c1\u03c6\u03c9\u03c3\u03b7 \u03c4\u03bf\u03c5 \u03bc\u03c0\u03ac\u03bd\u03b9\u03bf\u03c5 This website is using a security service to protect itself from online attacks. The action you just performed triggered the security solution. There are several actions that could trigger this block including submitting a certain word or phrase, a SQL command or malformed data. Laeticia Hallyday a \u00e9t\u00e9 g\u00e2t\u00e9e par ses filles Jade et Joy pour la f\u00eate des M\u00e8res c\u00e9l\u00e9br\u00e9e le 10 mai 2020 aux Etats-Unis. <img decoding=\"async\" src=\"http:\/\/external-images.premiere.fr\/var\/premiere\/storage\/images\/public\/photos-people\/photos-amel-bent-et-sylvie-vartan-nora-arzeneder-et-pascal-obispo-claire-keim-et-patrick-bruel-gros-plan-sur-les-plus-beaux-duos-du-concert-au-zenith-pour-haiti\/32080801-1-fre-FR\/PHOTOS-Amel-Bent-et-Sylvie-Vartan-Nora-Arzeneder-et-Pascal-Obispo-Claire-Keim-et-Patrick-Bruel-gros-plan-sur-les-plus-beaux-duos-du-concert-au-Zenith-pour-Haiti.jpg\" alt=\"rencontre claire keim bixente lizarazu\" align=\"center\">  \u03c0\u03c1\u03bf\u03b3\u03c1\u03b1\u03bc\u03bc\u03b1 \u03c5\u03c0\u03bf\u03bb\u03bf\u03b3\u03b9\u03c3\u03bc\u03bf\u03c5 \u03c6\u03bf\u03c1\u03bf\u03c5 2015 \u03b2\u03b7\u03bc\u03b1 \u039d\u03bf\u03b5 29, 2018 \u03c0\u03bf\u03b9\u03cc\u03bd \u03b8\u03b1 \u03c0\u03b1\u03bd\u03c4\u03c1\u03b5\u03c5\u03c4\u03ce Life Style World Claire Keim et Bixente Lizarazu \u00e0 Paris pour la soir\u00e9e GQ en 2013 \u03ba\u03b1\u03b9 \u03c3\u03b1\u03b3\u03b1\u03c0\u03b1\u03c9 \u03bf\u03c3\u03bf \u03c0\u03bf\u03c4\u03b5 \u03b6\u03b7\u03c4\u03b1 \u03bc\u03bf\u03c5 \u03b1\u03c0\u03bf\u03c8\u03b5 \u03bf\u03c4\u03b9 \u03b8\u03b5\u03c2 \u039c\u0391\u0398\u0395\u03a4\u0395 \u03a0\u03a1\u03a9\u03a4\u039f\u0399 \u03a4\u0399\u03a3 \u039d\u0395\u0395\u03a3 \u03a0\u03a1\u039f\u03a3\u03a6\u039f\u03a1\u0395\u03a3 \u039c\u0391\u03a3 \u03b1\u03bd\u03b8\u03bf\u03bb\u03bf\u03b3\u03b9\u03bf \u03b3 \u03b4\u03b7\u03bc\u03bf\u03c4\u03b9\u03ba\u03bf\u03c5 \u03b1\u03c0\u03b1\u03bd\u03c4\u03b7\u03c3\u03b5\u03b9\u03c2 \u03bf \u03b5\u03c6\u03b9\u03b1\u03bb\u03c4\u03b7\u03c2 \u03c4\u03b7\u03c2 \u03c0\u03b5\u03c1\u03c3\u03b5\u03c6\u03bf\u03bd\u03b7\u03c2 \u03c7\u03c1\u03b5\u03c9\u03c3\u03c4\u03b9\u03ba\u03b7 \u03ba\u03b1\u03c1\u03c4\u03b1 \u03bc\u03b5\u03c4\u03b1\u03c6\u03c1\u03b1\u03c3\u03b7 \u039f \u03ba\u03b1\u03bb\u03cc\u03c2 \u03c3\u03c5\u03b3\u03b3\u03c1\u03b1\u03c6\u03ad\u03b1\u03c2 \u03b5\u03ba\u03c6\u03c1\u03ac\u03b6\u03b5\u03c4\u03b1\u03b9 \u03c3\u03b1\u03bd \u03ba\u03bf\u03b9\u03bd\u03cc\u03c2 \u03ac\u03bd\u03b8\u03c1\u03c9\u03c0\u03bf\u03c2, \u03b1\u03bb\u03bb\u03ac \u03c3\u03ba\u03ad\u03c6\u03c4\u03b5\u03c4\u03b1\u03b9 \u03c3\u03b1\u03bd \u03c4\u03bf\u03c5\u03c2 \u03c3\u03bf\u03c6\u03bf\u03cd\u03c2 <img decoding=\"async\" src=\"http:\/\/api.fidji.lefigaro.fr\/media\/ext\/240x180_cropcenter\/i.f1g.fr\/media\/figaro\/805x453_crop\/2017\/02\/16\/XVM75668c32-f43d-11e6-9846-871839e5cbf9.jpg\" alt=\"rencontre claire keim bixente lizarazu\" align=\"right\"> <img decoding=\"async\" src=\"http:\/\/cotebasquepeople.blogs.sudouest.fr\/media\/01\/02\/897616812.jpg\" alt=\"rencontre claire keim bixente lizarazu\" align=\"right\"> Les informations recueillies par ce formulaire font lobjet dun traitement informatique \u00e0 destination de Reworld Media Magazines etou ses partenaires et prestataires afin de pouvoir envoyer les bons plans et offres promotionnelles. Photos-Claire Keim : retour sur ses douze ans damour avec son compagnon Bixente Lizarazu Claire keim, Lizarazu, Bixente Bixente Lizarazu dispute son premier match professionnel en le lors dun match opposant le aux. En, il est sacr\u00e9 avec Bordeaux. Trois ans plus tard, il remporte la en. Cette victoire leur permet de se qualifier en, comp\u00e9tition dans laquelle ils seront finalistes en. Avec le, il est sacr\u00e9 six fois en,, et. Avec ce m\u00eame club, il r\u00e9alise notamment le doubl\u00e9 \u00e0 quatre reprises en remportant la en 1998, 2000, 2003, 2005 et 2006. Il accroche aussi \u00e0 son palmar\u00e8s cinq en 1997, 1998, 1999, 2000 et 2004. Sur le plan international, Bixente Lizarazu remporte la en ainsi que la la. Enfin, il est finaliste de la \u00e9galement en. Du fait que le Fran\u00e7ais approche de ses 36 ans, les dirigeants du Bayern d\u00e9cident de faire revenir \u00e0 Munich, ce qui am\u00e8ne lentra\u00eeneur \u00e0 alterner entre les deux lat\u00e9raux. Lancien Bordelais accumule 27 rencontres toutes comp\u00e9titions confondues et prend part \u00e0 un nouveau doubl\u00e9. Lizarazu est \u00e9lu, lors de cette ann\u00e9e-l\u00e0, meilleur lat\u00e9ral gauche dAllemagne. Pour la derni\u00e8re de sa carri\u00e8re, le Fran\u00e7ais et son \u00e9quipe sarr\u00eatent aux huiti\u00e8mes de finale perdus 5-2 score cumul\u00e9 contre le. Le film Merci beaucoup und au revoir retrace ses derniers mois au sein de l\u00e9quipe bavaroise. Champions du monde : Bixente Lizarazu, n o 115, ao\u00fbt 1998, p 22. Prisma M\u00e9dia-Partenaire Plurimedia-Tous droits r\u00e9serv\u00e9s Claire Keim et Bixente Lizarazu le 8 d\u00e9cembre 2014 \u00e0 Paris.<\/p>\n","protected":false},"excerpt":{"rendered":"<p>rencontre claire keim bixente lizarazu<\/p>\n","protected":false},"author":1,"featured_media":0,"comment_status":"closed","ping_status":"closed","sticky":false,"template":"","format":"standard","meta":{"footnotes":""},"categories":[1],"tags":[],"_links":{"self":[{"href":"https:\/\/www.gnss-consulting.com\/blog\/wp-json\/wp\/v2\/posts\/7050"}],"collection":[{"href":"https:\/\/www.gnss-consulting.com\/blog\/wp-json\/wp\/v2\/posts"}],"about":[{"href":"https:\/\/www.gnss-consulting.com\/blog\/wp-json\/wp\/v2\/types\/post"}],"author":[{"embeddable":true,"href":"https:\/\/www.gnss-consulting.com\/blog\/wp-json\/wp\/v2\/users\/1"}],"replies":[{"embeddable":true,"href":"https:\/\/www.gnss-consulting.com\/blog\/wp-json\/wp\/v2\/comments?post=7050"}],"version-history":[{"count":1,"href":"https:\/\/www.gnss-consulting.com\/blog\/wp-json\/wp\/v2\/posts\/7050\/revisions"}],"predecessor-version":[{"id":7051,"href":"https:\/\/www.gnss-consulting.com\/blog\/wp-json\/wp\/v2\/posts\/7050\/revisions\/7051"}],"wp:attachment":[{"href":"https:\/\/www.gnss-consulting.com\/blog\/wp-json\/wp\/v2\/media?parent=7050"}],"wp:term":[{"taxonomy":"category","embeddable":true,"href":"https:\/\/www.gnss-consulting.com\/blog\/wp-json\/wp\/v2\/categories?post=7050"},{"taxonomy":"post_tag","embeddable":true,"href":"https:\/\/www.gnss-consulting.com\/blog\/wp-json\/wp\/v2\/tags?post=7050"}],"curies":[{"name":"wp","href":"https:\/\/api.w.org\/{rel}","templated":true}]}}