{"id":7144,"date":"2020-10-05T20:24:07","date_gmt":"2020-10-05T20:24:07","guid":{"rendered":"http:\/\/www.gnss-consulting.com\/blog\/?p=7144"},"modified":"2020-09-28T03:28:06","modified_gmt":"2020-09-28T03:28:06","slug":"rencontre-annuelle-des-musulmans-de-france-au-salon-du-bourget-3","status":"publish","type":"post","link":"https:\/\/www.gnss-consulting.com\/blog\/2020\/10\/05\/rencontre-annuelle-des-musulmans-de-france-au-salon-du-bourget-3\/","title":{"rendered":"Rencontre Annuelle Des Musulmans De France Au Salon Du Bourget"},"content":{"rendered":"<p>LUOIF est n\u00e9e en Lorraine, en 1983, du regroupement de diverses organisations musulmanes r\u00e9gionales. Ses fondateurs \u00e9taient de jeunes Maghr\u00e9bins venus finir leurs \u00e9tudes en France. LUOIF avait donc \u00e0 lorigine-et conserve encore en partie-une image dorganisation de bl\u00e9dards plus que de musulmans de France. RAMF Rencontre Annuelle des Musulmans de France 2019 Face \u00e0 cette situation exceptionnelle, le gouvernement a d\u00e9cid\u00e9 de linterdiction de tous les rassemblements de plus de 5 000 personnes dans des lieux confin\u00e9s, et ce, sur lensemble du territoire national par arr\u00eat\u00e9 minist\u00e9riel. Relayant les pr\u00e9conisations du minist\u00e8re de la Sant\u00e9, Musulmans de France a recommand\u00e9 des mesures \u00e0 lattention des mosqu\u00e9es de France qui organisent les offices, notamment celui de la grande pri\u00e8re du vendredi. <img decoding=\"async\" src=\"http:\/\/www.pageshalal.fr\/images\/omra2013.jpg\" alt=\"rencontre annuelle des musulmans de france au salon du bourget\" align=\"right\">-Marine Le Pen va gagner le proc\u00e8s avec ces justificatifs! Retour Actualit\u00e9s et outils pratiques pour les parents  Photo prise \u00e0 lentr\u00e9e de l\u00e9dition 2013 de la Rencontre annuelle des musulmans de France-CHAMPALAUNE ROMAINSIPA   D\u00e9couvrez-en plus sur la fa\u00e7on dont nous utilisons vos donn\u00e9es dans notre. Apr\u00e8s avoir confirm\u00e9 ici vos choix en mati\u00e8re de vie priv\u00e9e, vous pouvez les modifier \u00e0 tout moment en consultant votre. Non ce r\u00e9veil est n\u00e9cessaire, et m\u00eame obligatoire de se r\u00e9volter contre ceux qui sarroge un droit de tutelle sur nous sur nos biens et sur toute la nation musulmane, d\u00e9tromper-vous, mes chers compatriotes Mr Abel Chater na fait que r\u00e9veiller les consciences, de ces endormis,de ceux qui dorment sur leurs lauriers sans broncher et m\u00eame pire encore donner raison \u00e0 cette ennemi invisible qui ne d\u00e9voile pas son nom que par les intrigues, et la FITNA entre la composante de cette soci\u00e9t\u00e9 Musulmane, oui ces pourvoyeurs de la division,et la discorde pour annihiler nos forces sil y en reste, Mr Rafik vous c\u00f4toyez toutes les religions, et Mr Abel Chater il y en est de m\u00eame, il na jamais graiss\u00e9 quiconque \u00e0 ce que je sache? interdire luoif?Oui mais interdisez aussi le crif,uejf. <img decoding=\"async\" src=\"http:\/\/v2.uam93.com\/wp-content\/uploads\/2011\/12\/images_banners_bourget.jpg\" alt=\"rencontre annuelle des musulmans de france au salon du bourget\" align=\"center\"> Allez voir le blog de Ramadan, on y est en plein moyen age.. Cest rigolo parfois, on se demande si on r\u00eave Vous disposez d\u00e9j\u00e0 dun compte sur lejdd.fr avec lemail Pour la philosophe Perrine Simon-Nahum, il faut \u00e0 nos d\u00e9mocraties des fonctionnaires soucieux du bien public. Et d\u00e9cloisonner les formations. Une odeur dencens se d\u00e9gage de lentr\u00e9e. La foire accueille une extraordinaire diversit\u00e9 de produits. Des librairies de grande maisons d\u00e9ditions pour soffrir un Coran tout neuf, aux habits traditionnels, en passant par les agence de voyages pour les p\u00e8lerinages \u00e0 La Mecque, les banques islamiques, ou encore les bijouteries orientales, il y en a pour tous les go\u00fbts. <img decoding=\"async\" src=\"http:\/\/i.dailymail.co.uk\/i\/pix\/2012\/05\/22\/article-2148003-133A4AD2000005DC-567_233x423.jpg\" alt=\"rencontre annuelle des musulmans de france au salon du bourget\" align=\"left\"> Personnes \u00e0 mobilit\u00e9 r\u00e9duite : La Foire Musulmane Paris le Bourget a adapt\u00e9 ses espaces pour les personnes \u00e0 mobilit\u00e9 r\u00e9duite. Les personnes en fauteuil roulant pourront circuler tranquillement. La rencontre annuelle des musulmans de France souvre au Bourget La rencontre annuelle des musulmans de France au Bourget 2014 aura lieu du 18 au 21 Avril au Parc des expositions Paris le Bourget. Le th\u00e8me de la rencontre cette ann\u00e9e :.<\/p>\n","protected":false},"excerpt":{"rendered":"<p>rencontre annuelle des musulmans de france au salon du bourget<\/p>\n","protected":false},"author":1,"featured_media":0,"comment_status":"closed","ping_status":"closed","sticky":false,"template":"","format":"standard","meta":{"footnotes":""},"categories":[1],"tags":[],"_links":{"self":[{"href":"https:\/\/www.gnss-consulting.com\/blog\/wp-json\/wp\/v2\/posts\/7144"}],"collection":[{"href":"https:\/\/www.gnss-consulting.com\/blog\/wp-json\/wp\/v2\/posts"}],"about":[{"href":"https:\/\/www.gnss-consulting.com\/blog\/wp-json\/wp\/v2\/types\/post"}],"author":[{"embeddable":true,"href":"https:\/\/www.gnss-consulting.com\/blog\/wp-json\/wp\/v2\/users\/1"}],"replies":[{"embeddable":true,"href":"https:\/\/www.gnss-consulting.com\/blog\/wp-json\/wp\/v2\/comments?post=7144"}],"version-history":[{"count":1,"href":"https:\/\/www.gnss-consulting.com\/blog\/wp-json\/wp\/v2\/posts\/7144\/revisions"}],"predecessor-version":[{"id":7145,"href":"https:\/\/www.gnss-consulting.com\/blog\/wp-json\/wp\/v2\/posts\/7144\/revisions\/7145"}],"wp:attachment":[{"href":"https:\/\/www.gnss-consulting.com\/blog\/wp-json\/wp\/v2\/media?parent=7144"}],"wp:term":[{"taxonomy":"category","embeddable":true,"href":"https:\/\/www.gnss-consulting.com\/blog\/wp-json\/wp\/v2\/categories?post=7144"},{"taxonomy":"post_tag","embeddable":true,"href":"https:\/\/www.gnss-consulting.com\/blog\/wp-json\/wp\/v2\/tags?post=7144"}],"curies":[{"name":"wp","href":"https:\/\/api.w.org\/{rel}","templated":true}]}}