{"id":7196,"date":"2020-10-05T02:11:03","date_gmt":"2020-10-05T02:11:03","guid":{"rendered":"http:\/\/www.gnss-consulting.com\/blog\/?p=7196"},"modified":"2020-09-28T04:55:51","modified_gmt":"2020-09-28T04:55:51","slug":"rencontre-brel-brassens-2","status":"publish","type":"post","link":"https:\/\/www.gnss-consulting.com\/blog\/2020\/10\/05\/rencontre-brel-brassens-2\/","title":{"rendered":"Rencontre Brel Brassens"},"content":{"rendered":"<p>Odes \u00e0 loisivet\u00e9 dans le grand d\u00e9sert hexagonal. Il a le sentiment Marc Cerrone nous pr\u00e9sente son autobiographie, Paradise \u00c9ditions EPA Previous Next Georges Brassens na\u00eet \u00e0 S\u00e8te, au bord de la M\u00e9diterran\u00e9e, le 22 octobre 1921. Le chanteur, po\u00e8te et musicien conna\u00eet la gloire \u00e0 Paris. Il passera toute sa vie entre ces deux villes, s\u00e9loignant tr\u00e8s peu de ces rep\u00e8res importants pour lui. BREL : Moi aussi mais pas de France. J\u00e9tais scout belge! : Brassens ou la libert\u00e9, coffret CDDVD et CD, \u00c9ditions. L\u00e9o : Moi, je ne comprends pas non plus, mais ce nest pas grave. Sauf sur Hey Jude, jaimerais savoir pourquoi la chanson nen finit pas. Source : Dominique Lacout La chanson du bien-aim\u00e9 Bravo! Vous avez ajout\u00e9 votre premi\u00e8re star \u00e0 mon Voici  Il est unique par sa modestie, sa gentillesse et son humour Vous b\u00e9n\u00e9ficiez dun droit dacc\u00e8s et de rectification de vos donn\u00e9es personnelles, ainsi que celui den demander leffacement dans les limites pr\u00e9vues par la loi.  Le Castor Astral publie Amants des mots de Claude Nougaro. Il sagit dun recueil de citations du chanteur, dans une \u00e9dition \u00e9tablie par Laurent Balandras sous Cest bien \u00e9videmment Georges et sa chanson le parapluie qui ma inspir\u00e9 ce titre! Jai eu envie d\u00e9crire quelque chose sur le m\u00eame th\u00e8me mais pour les enfants. <img decoding=\"async\" src=\"http:\/\/rampok.org\/img\/be50901aa93401e947af2a9c72633632.jpg\" alt=\"rencontre brel brassens\" align=\"center\"> <img decoding=\"async\" src=\"http:\/\/img.over-blog.com\/450x296\/3\/01\/59\/76\/fevrier\/Nana.jpg\" alt=\"rencontre brel brassens\" align=\"left\">  Les enfants et les hommes ont d\u00e9sert\u00e9 vos maisons. Du vendredi 6 novembre 2015 au dimanche 8 novembre 2015 2015-11-6 20h30 les 6 et 7 nov, 16h le 8 novembre <img decoding=\"async\" src=\"http:\/\/cancermotisys.eu\/img\/3a6eff0b4fef1b43228a295486145e18.jpg\" alt=\"rencontre brel brassens\" align=\"center\"> Plaque comm\u00e9morative \u00e0 lentr\u00e9e de limpasse Florimont 18.12 : \u00e9mission t\u00e9l\u00e9vis\u00e9e Les Grands Amis dans laquelle L\u00e9o chante Cest extra et La mort.<\/p>\n","protected":false},"excerpt":{"rendered":"<p>rencontre brel brassens<\/p>\n","protected":false},"author":1,"featured_media":0,"comment_status":"closed","ping_status":"closed","sticky":false,"template":"","format":"standard","meta":{"footnotes":""},"categories":[1],"tags":[],"_links":{"self":[{"href":"https:\/\/www.gnss-consulting.com\/blog\/wp-json\/wp\/v2\/posts\/7196"}],"collection":[{"href":"https:\/\/www.gnss-consulting.com\/blog\/wp-json\/wp\/v2\/posts"}],"about":[{"href":"https:\/\/www.gnss-consulting.com\/blog\/wp-json\/wp\/v2\/types\/post"}],"author":[{"embeddable":true,"href":"https:\/\/www.gnss-consulting.com\/blog\/wp-json\/wp\/v2\/users\/1"}],"replies":[{"embeddable":true,"href":"https:\/\/www.gnss-consulting.com\/blog\/wp-json\/wp\/v2\/comments?post=7196"}],"version-history":[{"count":1,"href":"https:\/\/www.gnss-consulting.com\/blog\/wp-json\/wp\/v2\/posts\/7196\/revisions"}],"predecessor-version":[{"id":7197,"href":"https:\/\/www.gnss-consulting.com\/blog\/wp-json\/wp\/v2\/posts\/7196\/revisions\/7197"}],"wp:attachment":[{"href":"https:\/\/www.gnss-consulting.com\/blog\/wp-json\/wp\/v2\/media?parent=7196"}],"wp:term":[{"taxonomy":"category","embeddable":true,"href":"https:\/\/www.gnss-consulting.com\/blog\/wp-json\/wp\/v2\/categories?post=7196"},{"taxonomy":"post_tag","embeddable":true,"href":"https:\/\/www.gnss-consulting.com\/blog\/wp-json\/wp\/v2\/tags?post=7196"}],"curies":[{"name":"wp","href":"https:\/\/api.w.org\/{rel}","templated":true}]}}