{"id":7600,"date":"2020-10-06T00:23:51","date_gmt":"2020-10-06T00:23:51","guid":{"rendered":"http:\/\/www.gnss-consulting.com\/blog\/?p=7600"},"modified":"2020-09-28T21:11:36","modified_gmt":"2020-09-28T21:11:36","slug":"rencontre-metro-train-2","status":"publish","type":"post","link":"https:\/\/www.gnss-consulting.com\/blog\/2020\/10\/06\/rencontre-metro-train-2\/","title":{"rendered":"Rencontre Metro Train"},"content":{"rendered":"<p> Emmanuel Macron doit prendre la parole pour dire on fait pause, on appuie sur le bouton stop, on revient autour de la table sans pr\u00e9alables. Ce vendredi matin sur France 2, le secr\u00e9taire g\u00e9n\u00e9ral de Force ouvri\u00e8re Yves Veyrier a demand\u00e9 au Pr\u00e9sident dabandonner et douvrir de nouvelles discussions, au lendemain dune r\u00e9union multilat\u00e9rale \u00e0 Matignon dont il est sorti d\u00e9\u00e7u. SAFERAIL soutient Damien Cloarec sur le circuit Figaro 2016 Before sunrise, 1995 Un Am\u00e9ricain boh\u00e8me parcourant lEurope Ethan Hawke, une \u00e9tudiante fran\u00e7aise mettant le cap vers Budapest. Ou comment tenter de prolonger, ne serait-ce quune nuit, le coup de foudre \u00e0 bord dun train. Enedis condamne ces actes de malveillance sur le r\u00e9seau de distribution d\u00e9lectricit\u00e9. Ils sont totalement contraires aux valeurs de Enedis enedis Le premier week-end de d\u00e9parts en vacances pass\u00e9, reste d\u00e9sormais \u00e0 la SNCF \u00e0 pr\u00e9voir le second. Et l\u00e0 encore, les voyageurs vont devoir \u00eatre patients. Alors que la gr\u00e8ve ferroviaire se poursuit, les pr\u00e9visions pour le week-end des 28 et 29 d\u00e9cembre seront communiqu\u00e9es mardi pour les TGV et Ouigo et vendredi vers 17 heures pour les TER et Transiliens, a fait savoir une porte-parole de la SNCF interrog\u00e9e par lAFP. Lurgence du moment est \u00e9videmment dordre sanitaire. La priorit\u00e9 est la protection des travailleur-euses. A 64 ans, on va leur faire plus de mal que de bien aux enfants alors quon doit toujours \u00eatre bons pour eux, l\u00e2che Gwena\u00ebl, 41 ans, prof dhistoire-g\u00e9o dans un \u00e9tablissement du Morbihan o\u00f9, assure t-elle, on est tr\u00e8s remont\u00e9s. Je ne sais pas bien comment nos regards se sont crois\u00e9s. Certainement Retraites. Jean-Paul Delevoye avait oubli\u00e9 dinscrire plusieurs Au douzi\u00e8me jour cons\u00e9cutif du mouvement contre la r\u00e9forme des retraites, le mouvement gr\u00e8ve sinfl\u00e9chit \u00e0 la SNCF. Le taux de gr\u00e9vistes est tomb\u00e9 \u00e0 11,2 ce lundi matin mais on compte quand m\u00eame 61 des conducteurs et 41 des contr\u00f4leurs en gr\u00e8ve. Indispensables \u00e0 la circulation des trains, 17,3 des aiguilleurs \u00e9taient en gr\u00e8ve. A titre de comparaison, le 5 d\u00e9cembre, plus dun cheminot sur deux 55,6 \u00e9tait gr\u00e9viste 85,7 des conducteurs, 73,3 des contr\u00f4leurs, 57 des aiguilleurs.  La part belle est faite aux plats en sauce, aux mijot\u00e9s, \u00e0 une cuisine riche en bouillons et fumets, o\u00f9 g\u00e9n\u00e9rosit\u00e9 et partage se disputent la vedette.  Les syndicats sceptiques apr\u00e8s leur r\u00e9union \u00e0 Matignon En tant que pr\u00e9sident dhonneur du think tank Parallaxe groupe IGS, Jean-Paul Delevoye touchait 5 300 euros net par mois. Il sappr\u00eate \u00e0 rembourser toutes les sommes touch\u00e9es depuis sa nomination comme haut-commissaire, cest-\u00e0-dire depuis septembre 2017. Soit quelque 120 000 euros. Probl\u00e8me : le cumul entre une activit\u00e9 professionnelle et un poste au gouvernement, selon plusieurs experts. Beaucoup de si qui pourraient faire douter de vos probabilit\u00e9s de r\u00e9ussite. Avec plusieurs milliers dutilisateurs pour lheure, essentiellement concentr\u00e9s \u00e0 Paris, notre taux de re-connexion d\u00e9passe 20, rassure Hani Ramzi. Notre test en cours LIRE AUSSI-19122019 \u00e0 15:40 D\u00e9termin\u00e9s \u00e0 maintenir la pression, les opposants organisent des actions locales partout en France <img decoding=\"async\" src=\"http:\/\/www.emdx.org\/rail\/canard\/Chicago96\/60ValRencontre2.jpeg\" alt=\"rencontre metro train\" align=\"left\"> 15:27 Ambiance boulevard Beaumarchais Dans les manifs. Profil, finance, Newsroom, patrimoine, culture, identit\u00e9, fournisseurs Les abonn\u00e9s b\u00e9n\u00e9ficieront d\u00e8s lors dune r\u00e9duction pour lusage dune trottinette deux fois par jour. Cela nous permet de r\u00e9gler la question du dernier kilom\u00e8tre des d\u00e9placements, justifie Louis Pelaez, PDG de LPA 7h40. La barre des 300 km. En Ile-de-France, la barre des 300 km de bouchons est franchie. <img decoding=\"async\" src=\"http:\/\/upload.wikimedia.org\/wikipedia\/commons\/5\/59\/Metro_Paris_-_Ligne_1_-_Pont_de_Neuilly_(7).jpg\" alt=\"rencontre metro train\" align=\"right\"> Chaque mois Notre Temps vous informe, vous guide, vous accompagne! Il y a une quinzaine dann\u00e9es, on constata une \u00e9pid\u00e9mie grippale saisonni\u00e8re de tr\u00e8s faible amplitude. Des centaines de personnes doivent la vie \u00e0 la CGT qui avait organis\u00e9 une gr\u00e8ve g\u00e9n\u00e9rale des transports publics 6h50. Pas dam\u00e9lioration en vue ce week-end. Le trafic du m\u00e9tro parisien ne devrait pas conna\u00eetre dam\u00e9lioration pendant le week-end, la gr\u00e8ve ayant \u00e9t\u00e9 reconduite jusqu\u00e0 lundi. Comment est-ce possible et pourquoi un tel manque de fiabilit\u00e9 des informations? poss\u00e8de un acc\u00e8s original,, r\u00e9alis\u00e9 pour le centenaire du m\u00e9tro. Vous avez rep\u00e9r\u00e9 un commentaire avec un contenu ill\u00e9gal ou portant <img decoding=\"async\" src=\"http:\/\/www.academiedelarochedhys.com\/CONTACT_files\/shapeimage_6.jpg\" alt=\"rencontre metro train\" align=\"center\">.<\/p>\n","protected":false},"excerpt":{"rendered":"<p>rencontre metro train<\/p>\n","protected":false},"author":1,"featured_media":0,"comment_status":"closed","ping_status":"closed","sticky":false,"template":"","format":"standard","meta":{"footnotes":""},"categories":[1],"tags":[],"_links":{"self":[{"href":"https:\/\/www.gnss-consulting.com\/blog\/wp-json\/wp\/v2\/posts\/7600"}],"collection":[{"href":"https:\/\/www.gnss-consulting.com\/blog\/wp-json\/wp\/v2\/posts"}],"about":[{"href":"https:\/\/www.gnss-consulting.com\/blog\/wp-json\/wp\/v2\/types\/post"}],"author":[{"embeddable":true,"href":"https:\/\/www.gnss-consulting.com\/blog\/wp-json\/wp\/v2\/users\/1"}],"replies":[{"embeddable":true,"href":"https:\/\/www.gnss-consulting.com\/blog\/wp-json\/wp\/v2\/comments?post=7600"}],"version-history":[{"count":1,"href":"https:\/\/www.gnss-consulting.com\/blog\/wp-json\/wp\/v2\/posts\/7600\/revisions"}],"predecessor-version":[{"id":7601,"href":"https:\/\/www.gnss-consulting.com\/blog\/wp-json\/wp\/v2\/posts\/7600\/revisions\/7601"}],"wp:attachment":[{"href":"https:\/\/www.gnss-consulting.com\/blog\/wp-json\/wp\/v2\/media?parent=7600"}],"wp:term":[{"taxonomy":"category","embeddable":true,"href":"https:\/\/www.gnss-consulting.com\/blog\/wp-json\/wp\/v2\/categories?post=7600"},{"taxonomy":"post_tag","embeddable":true,"href":"https:\/\/www.gnss-consulting.com\/blog\/wp-json\/wp\/v2\/tags?post=7600"}],"curies":[{"name":"wp","href":"https:\/\/api.w.org\/{rel}","templated":true}]}}