{"id":7730,"date":"2020-10-07T11:15:24","date_gmt":"2020-10-07T11:15:24","guid":{"rendered":"http:\/\/www.gnss-consulting.com\/blog\/?p=7730"},"modified":"2020-09-29T00:49:40","modified_gmt":"2020-09-29T00:49:40","slug":"une-rencontre-inoubliable-fred-uhlman-2","status":"publish","type":"post","link":"https:\/\/www.gnss-consulting.com\/blog\/2020\/10\/07\/une-rencontre-inoubliable-fred-uhlman-2\/","title":{"rendered":"Une Rencontre Inoubliable Fred Uhlman"},"content":{"rendered":"<p>Fran\u00e7ais fre Langues originales : Anglais eng Probl\u00e9matiques et niveaux Probl\u00e9matiques et niveaux   Sur la premi\u00e8re de couverture, on peut voir une image tir\u00e9 du film de Jerry Schatzberg intitul\u00e9 : Lami retrouv\u00e9. Il y a une fl\u00e8che rouge o\u00f9 est \u00e9crit en blanc le titre Lami retrouv\u00e9, le nom de lauteur Fred Uhlman et Texte int\u00e9grale et dossier. Il y a \u00e9galement \u00e9crit en haut la collection du livre Classico coll\u00e8ge, et en bas \u00e0 droite, sur. Entrez vos coordonn\u00e9es ci-dessous ou cliquez sur une ic\u00f4ne pour vous connecter: <img decoding=\"async\" src=\"http:\/\/3.bp.blogspot.com\/-dm4obi3tY8s\/UsLSS_w2B_I\/AAAAAAAAAQI\/uDhsF7eYKV0\/s1600\/Frederic-Paulin-1.jpg\" alt=\"une rencontre inoubliable fred uhlman\" align=\"left\"> \u03b5\u03bd\u03c4\u03c5\u03c0\u03bf \u03b5\u03be\u03bf\u03c5\u03c3\u03b9\u03bf\u03b4\u03cc\u03c4\u03b7\u03c3\u03b7\u03c2 \u03b4\u03b5\u03b7 \u039f\u0394\u039f\u039d\u03a4\u039f\u0392\u039f\u03a5\u03a1\u03a4\u03a3\u0391 CHICCO \u0393\u0399\u0391 \u0392\u03a1\u0395\u03a6\u0397 \u03a3\u0399\u0395\u039b 6\u039c\u0397\u039d\u03a9\u039d \u03c4\u03bf \u03bc\u03c5\u03c3\u03c4\u03ae\u03c1\u03b9\u03bf \u03c4\u03b7\u03c2 \u03c0\u03bf\u03bb\u03b9\u03c4\u03b5\u03af\u03b1\u03c2 \u03c7\u03ac\u03bc\u03b5\u03bb\u03b9\u03bd \u03b1\u03b8\u03b7\u03bd\u03bf\u03c1\u03b1\u03bc\u03b1 PL1.152004148 \u03ba\u03ae\u03c1\u03c5\u03be\u03b7 \u03c0\u03bf\u03bb\u03ad\u03bc\u03bf\u03c5 1940 CHICCO \u03b1\u03cd\u03be\u03b7\u03c3\u03b7 \u03ba\u03b1\u03c4\u03ce\u03c4\u03b1\u03c4\u03bf\u03c5 \u03bc\u03b9\u03c3\u03b8\u03bf\u03cd \u03c4\u03bf 2018 CHICCO Javais envie de lire ce livre depuis au moins quarante ans et jai toujours remis \u00e0 plus tard. Ce n\u00e9tait jamais le bon moment. En participant au challenge ABC, il me fallait un auteur commen\u00e7ant par la lettre U et ils ne sont pas tr\u00e8s nombreux.-Entre seize et dix-sept ans, les jeunes gens allient parfois une na\u00efve innocence et une radieuse puret\u00e9 de corps et desprit \u00e0 un besoin passionn\u00e9 dabn\u00e9gation absolue et d\u00e9sint\u00e9ress\u00e9e. Cette phase ne dure g\u00e9n\u00e9ralement que peu de temps, mais, \u00e0 cause de son intensit\u00e9 et de son unicit\u00e9, elle demeure lune des exp\u00e9riences les plus pr\u00e9cieuses de la vie. Une histoire poignante dont le ton rappelle le livre dIrme Kersetz \u00catre sans destin pas tant sur le contenu mais plut\u00f4t dans le style d\u00e9criture assez na\u00eff mais jamais niais dun jeune gar\u00e7on. <img decoding=\"async\" src=\"http:\/\/www.puortaldovt.cf\/cache\/avatars\/177705_1526809993_fr.png\" alt=\"une rencontre inoubliable fred uhlman\" align=\"center\"> Envoyer \u00e0 ladresse e-mail Votre nom Votre adresse e-mail Trente ans plus tard, le narrateur nest pas heureux malgr\u00e9 sa r\u00e9ussite mat\u00e9rielle, professionnelle et personnelle. Cela sexplique probablement par son histoire douloureuse : rupture dune amiti\u00e9 profonde et fusionnelle, brimades et injures racistes, arrachement \u00e0 son pays et \u00e0 sa famille. La derni\u00e8re modification de cette page a \u00e9t\u00e9 faite le 5 avril 2020 \u00e0 14:17. Doit-on faire trop de concessions pour conserver intacte une amiti\u00e9? Jusqu\u00e0 ressentir de la honte quand le p\u00e8re de Hans appelle Conrad Monsieur le Comte avec d\u00e9f\u00e9rence? Peut-on \u00e9prouver parfois de la haine en m\u00eame temps que lamiti\u00e9? Je nen trouve pas. Cependant il est possible que certains lecteurs adolescents aient besoin dun compl\u00e9ment de lecture sils ne sont pas suffisamment au courant du contexte historique du r\u00e9cit cest-\u00e0-dire le nazisme, lantis\u00e9mitisme dans les ann\u00e9es 1930-1940, mais aussi la r\u00e9sistance \u00e0 Hitler en Allemagne. Aucun avis, veuillez vous identifier pour ajouter le v\u00f4tre! \u03b3\u03b9\u03ac\u03bd\u03bd\u03b7\u03c2 \u03ba\u03cc\u03c4\u03c3\u03b9\u03c1\u03b1\u03c2 \u03c6\u03cd\u03bb\u03b1\u03ba\u03b1\u03c2 \u03ac\u03b3\u03b3\u03b5\u03bb\u03bf\u03c2 Chicco \u03b5\u03b9\u03b4\u03b9\u03ba\u03b5\u03cd\u03b5\u03c4\u03b1\u03b9 \u03c3\u03c4\u03b7\u03bd \u03c0\u03b1\u03c1\u03b1\u03b3\u03c9\u03b3\u03ae \u03b5\u03b9\u03b4\u03ce\u03bd \u03b5\u03be\u03bf\u03c0\u03bb\u03b9\u03c3\u03bc\u03bf\u03cd \u03b3\u03b9\u03b1 \u03b2\u03c1\u03ad\u03c6\u03b7 \u03ba\u03b1\u03b9 \u03bd\u03ae\u03c0\u03b9\u03b1. \u0397 \u03b5\u03c4\u03b1\u03b9\u03c1\u03b5\u03af\u03b1 \u03ad\u03c7\u03b5\u03b9 \u03bc\u03b9\u03b1 \u03b9\u03c3\u03c4\u03bf\u03c1\u03af\u03b1 \u03b1\u03c0\u03cc \u03c4\u03bf 1958 \u03ba\u03b1\u03b9 \u03bc\u03b9\u03b1 \u03c0\u03b1\u03c1\u03bf\u03c5\u03c3\u03af\u03b1 \u03c3\u03c4\u03b9\u03c2 \u03bc\u03b5\u03b3\u03b1\u03bb\u03cd\u03c4\u03b5\u03c1\u03b5\u03c2 \u03b1\u03b3\u03bf\u03c1\u03ad\u03c2 \u03c4\u03bf\u03c5 \u03ba\u03cc\u03c3\u03bc\u03bf\u03c5. Avril 1933 : Premi\u00e8res mesures antis\u00e9mites : les Juifs sont exclus de la fonction publique, les entreprises et commerces juifs sont boycott\u00e9s.  En 1932, des \u00e9v\u00e9nements agitent lAllemagne. \u00c0 cette p\u00e9riode, la crise \u00e9conomique mondiale touche durement le pays. LAllemagne est dautant plus affaiblie \u00e9conomiquement quelle doit payer un lourd tribut aux vainqueurs de la Premi\u00e8re Guerre mondiale : un fort ressentiment anime le peuple allemand \u00e0 la suite de la signature du trait\u00e9 de Versailles 28 juin 1919. Cest dans ce contexte que lantis\u00e9mitisme et la doctrine nazie font leur apparition et gagnent un \u00e9lectorat croissant lors des \u00e9lections pr\u00e9sidentielles en mars-avril 1932 puis l\u00e9gislatives en novembre de la m\u00eame ann\u00e9e. <img decoding=\"async\" src=\"http:\/\/medias.estac.fr\/sites\/estac.fr\/images\/statique\/pages\/club\/organisation\/img-statique-organigramme-17-18.jpg\" alt=\"une rencontre inoubliable fred uhlman\" align=\"left\"> A lire \u00e9galement pour ceux qui voudraient poursuivre dans ce registre : de, tout aussi touchant! Fred Uhlman est n\u00e9 en 1901 \u00e0 Stuttgart. Sa famille, ais\u00e9e, dorigine juive mais peu pratiquante, est install\u00e9e depuis deux si\u00e8cles en Allemagne. Il fr\u00e9quente une \u00e9cole o\u00f9 il est le seul enfant juif. Devenu jeune avocat, il sengage au parti social-d\u00e9mocrate, adversaire du Parti nazi. Apr\u00e8s la victoire dHitler aux \u00e9lections l\u00e9gislatives de 1932, il \u00e9vite de peu la d\u00e9portation en fuyant lAllemagne. Il sinstalle \u00e0 Paris o\u00f9 il fr\u00e9quente les milieux artistiques et se met \u00e0 peindre. En 1936, il rencontre Diana, fille dun parlementaire anglais. Il l\u00e9pouse et sinstalle en Angleterre o\u00f9 il essaie de faire venir ses parents qui refusent de quitter lAllemagne : ils mourront en d\u00e9portation. Lui-m\u00eame s\u00e9teint \u00e0 Londres en 1985.<\/p>\n","protected":false},"excerpt":{"rendered":"<p>une rencontre inoubliable fred uhlman<\/p>\n","protected":false},"author":1,"featured_media":0,"comment_status":"closed","ping_status":"closed","sticky":false,"template":"","format":"standard","meta":{"footnotes":""},"categories":[1],"tags":[],"_links":{"self":[{"href":"https:\/\/www.gnss-consulting.com\/blog\/wp-json\/wp\/v2\/posts\/7730"}],"collection":[{"href":"https:\/\/www.gnss-consulting.com\/blog\/wp-json\/wp\/v2\/posts"}],"about":[{"href":"https:\/\/www.gnss-consulting.com\/blog\/wp-json\/wp\/v2\/types\/post"}],"author":[{"embeddable":true,"href":"https:\/\/www.gnss-consulting.com\/blog\/wp-json\/wp\/v2\/users\/1"}],"replies":[{"embeddable":true,"href":"https:\/\/www.gnss-consulting.com\/blog\/wp-json\/wp\/v2\/comments?post=7730"}],"version-history":[{"count":1,"href":"https:\/\/www.gnss-consulting.com\/blog\/wp-json\/wp\/v2\/posts\/7730\/revisions"}],"predecessor-version":[{"id":7731,"href":"https:\/\/www.gnss-consulting.com\/blog\/wp-json\/wp\/v2\/posts\/7730\/revisions\/7731"}],"wp:attachment":[{"href":"https:\/\/www.gnss-consulting.com\/blog\/wp-json\/wp\/v2\/media?parent=7730"}],"wp:term":[{"taxonomy":"category","embeddable":true,"href":"https:\/\/www.gnss-consulting.com\/blog\/wp-json\/wp\/v2\/categories?post=7730"},{"taxonomy":"post_tag","embeddable":true,"href":"https:\/\/www.gnss-consulting.com\/blog\/wp-json\/wp\/v2\/tags?post=7730"}],"curies":[{"name":"wp","href":"https:\/\/api.w.org\/{rel}","templated":true}]}}